{"id":2615,"date":"2025-10-11T21:58:28","date_gmt":"2025-10-11T19:58:28","guid":{"rendered":"http:\/\/parafiaskrzydlna.pl\/?p=2615"},"modified":"2025-10-12T06:49:28","modified_gmt":"2025-10-12T04:49:28","slug":"intencje-mszalne-13-19-10-2025-r","status":"publish","type":"post","link":"https:\/\/parafiaskrzydlna.pl\/index.php\/2025\/10\/11\/intencje-mszalne-13-19-10-2025-r\/","title":{"rendered":"Intencje Mszalne 13.-19.10.2025 r."},"content":{"rendered":"\n<p><strong>Intencje Mszalne<\/strong><\/p>\n\n\n\n<p>13.-19.10.2025 r.<\/p>\n\n\n\n<figure class=\"wp-block-table\"><table><tbody><tr><td colspan=\"2\"><strong>Poniedzia\u0142ek \u2013 13.10.2025 r.<\/strong><\/td><\/tr><tr><td><strong>7.00<\/strong><\/td><td>+ Przemys\u0142awa Cie\u015blaka w 5 rocznic\u0119 \u015bmierci z int. siostry Iwony Cie\u015blak z dzie\u0107mi.<\/td><\/tr><tr><td><strong>17:00<\/strong><\/td><td>+ Lidi\u0119 Kozakowsk\u0105 z int. siostry.<\/td><\/tr><tr><td><strong>P.p.<\/strong><\/td><td>+ Stanis\u0142awa Opio\u0142\u0119 z int. Marii i Stanis\u0142awa Filipiak ze Szczyrzyca z rodzin\u0105. <br>+ Stanis\u0142awa Opio\u0142\u0119 z int. Marii i Piotra Smag\u00f3w z rodzin\u0105 z Por\u0105bki.<\/td><\/tr><tr><td colspan=\"2\"><strong>Wtorek \u2013 14.10.2025 r.<\/strong><\/td><\/tr><tr><td><strong>7.00<\/strong><\/td><td>+ Stanis\u0142awa Cie\u015blaka w 3 rocznic\u0119 \u015bmierci z int. c\u00f3rki Iwony Cie\u015blak z dzie\u0107mi.<\/td><\/tr><tr><td><strong>17:00<\/strong><\/td><td>1) W Bogu wiadomej intencji.<br>2) + Bronis\u0142awa Pazdura w 7 dzie\u0144 po \u015bmierci z int. \u017cony Marii.<\/td><\/tr><tr><td><strong>P.p.<\/strong><\/td><td>+ Janin\u0119 Nowak z int. Anny i Mariana Koza. <br>+ Janin\u0119 Nowak z int. Wioletty Pachowicz z dzie\u0107mi.<\/td><\/tr><tr><td colspan=\"2\"><strong>\u015aroda \u2013 15.10.2025 r.<\/strong><\/td><\/tr><tr><td><strong>7.00<\/strong><\/td><td>Dzi\u0119kczynno-b\u0142agalna o Bo\u017ce b\u0142ogos\u0142awie\u0144stwo, opiek\u0119 Matki Bo\u017cej oraz o zdrowie dla ojca z int. syn\u00f3w Rafa\u0142a, W\u0142adys\u0142awa i Stanis\u0142awa.<\/td><\/tr><tr><td><strong>17:00<\/strong><\/td><td>+ Helen\u0119 Piskorz z int. Haliny Gadzia\u0142a.<\/td><\/tr><tr><td><strong>P.p.<\/strong><\/td><td>+ Janin\u0119 Wieczorek-Kosmal z int. Katarzyny i Andrzeja Biernat. <br>+ Janin\u0119 Wieczorek-Kosmal z int. Joanny Neznal.<\/td><\/tr><tr><td colspan=\"2\"><strong>Czwartek \u2013 16.10.2025 r.<\/strong><\/td><\/tr><tr><td><strong>7.00<\/strong><\/td><td>Dzi\u0119kczynno-b\u0142agalna z okazji 40 urodzin Katarzyny, z pro\u015bb\u0105 o Bo\u017ce b\u0142ogos\u0142awie\u0144stwo i opiek\u0119 Matki Bo\u017cej z int. m\u0119\u017ca i dzieci.<\/td><\/tr><tr><td><strong>17:00<\/strong><\/td><td>+ Krzysztofa Staniszewskiego oraz jego rodzic\u00f3w Krystyn\u0119 i Andrzeja.<\/td><\/tr><tr><td><strong>P.p.<\/strong><\/td><td>+ Czes\u0142awa Cie\u015blaka z int. Krzysztofa Kasi\u0144skiego z Piekie\u0142ka. <br>+ Czes\u0142awa Cie\u015blaka z int. rodziny Krzy\u015bciak z Janowic.<\/td><\/tr><tr><td colspan=\"2\"><strong>Pi\u0105tek \u2013 17.10.2025 r.<\/strong><\/td><\/tr><tr><td><strong>7:00<\/strong><\/td><td>+ Michalin\u0119 Smag\u0119 oraz m\u0119\u017ca Antoniego i Janin\u0119 Smag\u0119.<\/td><\/tr><tr><td><strong>17:00<\/strong><\/td><td>+ Mariana \u015aliw\u0119 z int. syna Jana z Krakowa z \u017con\u0105 i dzie\u0107mi.<\/td><\/tr><tr><td><strong>P.p.<\/strong><\/td><td>+ Mariana \u015aliw\u0119 z int. Kazimiery i Janusza Smaga. <br>+ Mariana \u015aliw\u0119 z int. Haliny Wcis\u0142o z Krakowa z rodzin\u0105.<\/td><\/tr><tr><td colspan=\"2\"><strong>Sobota \u2013 18.10.2025 r.<\/strong><\/td><\/tr><tr><td><strong>7:00<\/strong><\/td><td>+ Zbigniewa Jankowskiego.<\/td><\/tr><tr><td><strong>17:00<\/strong><\/td><td>Dzi\u0119kczynno-b\u0142agalna z okazji 40-lecia ma\u0142\u017ce\u0144stwa Gra\u017cyny i Tadeusza z podzi\u0119kowaniem za otrzymane \u0142aski i z pro\u015bb\u0105 o Bo\u017ce b\u0142ogos\u0142awie\u0144stwo oraz opiek\u0119 Matki Bo\u017cej.<\/td><\/tr><tr><td><strong>P.p.<\/strong><\/td><td>+ Marka Niedzielskiego z int. Kingi i Krzysztofa Kokoszka z dzie\u0107mi. <br>+ Marka Niedzielskiego z int. Andrzeja Sadkiewicza z rodzin\u0105.<\/td><\/tr><tr><td colspan=\"2\"><strong>Niedziela \u2013 19.10.2025 r.<\/strong><\/td><\/tr><tr><td><strong>7.00<\/strong><\/td><td>W int. Parafii.<\/td><\/tr><tr><td><strong>9:00<\/strong><\/td><td>Dzi\u0119kczynno-b\u0142agalna z okazji 30 rocznicy \u015blubu z pro\u015bb\u0105 o Bo\u017ce b\u0142ogos\u0142awie\u0144stwo i podzi\u0119kowaniem za dotychczasowe \u0142aski.<\/td><\/tr><tr><td><strong>11:00<\/strong><\/td><td>+ W\u0142adys\u0142aw\u0119 i Stanis\u0142awa Koniecznych w 20 rocznic\u0119 \u015bmierci W\u0142adys\u0142awy z int. najbli\u017cszych.<\/td><\/tr><tr><td><strong>16:00<\/strong><\/td><td>+ Stanis\u0142awa Kaletk\u0119 w 9 rocznic\u0119 \u015bmierci z int. najbli\u017cszych.<\/td><\/tr><tr><td><strong>P.p<\/strong><\/td><td>+ Micha\u0142a Nawie\u015bniaka z int. Aliny Myszka z rodzin\u0105 z Szyku. <br>+ Micha\u0142a Nawie\u015bniaka Bogus\u0142awy i Janusza Knapczyk z rodzin\u0105.<\/td><\/tr><\/tbody><\/table><\/figure>\n\n\n\n<p><strong>&nbsp;&nbsp;&nbsp;&nbsp;&nbsp;&nbsp;&nbsp;&nbsp;&nbsp;&nbsp;&nbsp; 1-30.10.2025 r. +<u>J\u00f3zef\u0119 Drab<\/u> (greg.) z int. pogrzeb.<\/strong><\/p>\n","protected":false},"excerpt":{"rendered":"<p>Intencje Mszalne 13.-19.10.2025 r. Poniedzia\u0142ek \u2013 13.10.2025 r. 7.00 + Przemys\u0142awa Cie\u015blaka w 5 rocznic\u0119 \u015bmierci z int. siostry Iwony Cie\u015blak z dzie\u0107mi. 17:00 + Lidi\u0119 Kozakowsk\u0105 z int. siostry. P.p. + Stanis\u0142awa Opio\u0142\u0119&#46;&#46;&#46;<\/p>\n","protected":false},"author":1,"featured_media":276,"comment_status":"open","ping_status":"open","sticky":false,"template":"","format":"standard","meta":{"footnotes":""},"categories":[4,1],"tags":[],"_links":{"self":[{"href":"https:\/\/parafiaskrzydlna.pl\/index.php\/wp-json\/wp\/v2\/posts\/2615"}],"collection":[{"href":"https:\/\/parafiaskrzydlna.pl\/index.php\/wp-json\/wp\/v2\/posts"}],"about":[{"href":"https:\/\/parafiaskrzydlna.pl\/index.php\/wp-json\/wp\/v2\/types\/post"}],"author":[{"embeddable":true,"href":"https:\/\/parafiaskrzydlna.pl\/index.php\/wp-json\/wp\/v2\/users\/1"}],"replies":[{"embeddable":true,"href":"https:\/\/parafiaskrzydlna.pl\/index.php\/wp-json\/wp\/v2\/comments?post=2615"}],"version-history":[{"count":2,"href":"https:\/\/parafiaskrzydlna.pl\/index.php\/wp-json\/wp\/v2\/posts\/2615\/revisions"}],"predecessor-version":[{"id":2619,"href":"https:\/\/parafiaskrzydlna.pl\/index.php\/wp-json\/wp\/v2\/posts\/2615\/revisions\/2619"}],"wp:featuredmedia":[{"embeddable":true,"href":"https:\/\/parafiaskrzydlna.pl\/index.php\/wp-json\/wp\/v2\/media\/276"}],"wp:attachment":[{"href":"https:\/\/parafiaskrzydlna.pl\/index.php\/wp-json\/wp\/v2\/media?parent=2615"}],"wp:term":[{"taxonomy":"category","embeddable":true,"href":"https:\/\/parafiaskrzydlna.pl\/index.php\/wp-json\/wp\/v2\/categories?post=2615"},{"taxonomy":"post_tag","embeddable":true,"href":"https:\/\/parafiaskrzydlna.pl\/index.php\/wp-json\/wp\/v2\/tags?post=2615"}],"curies":[{"name":"wp","href":"https:\/\/api.w.org\/{rel}","templated":true}]}}