{"id":2571,"date":"2025-08-10T13:54:09","date_gmt":"2025-08-10T11:54:09","guid":{"rendered":"https:\/\/parafiaskrzydlna.pl\/?p=2571"},"modified":"2025-08-14T13:55:46","modified_gmt":"2025-08-14T11:55:46","slug":"ogloszenia-duszpasterskie-10-08-2025-r","status":"publish","type":"post","link":"https:\/\/parafiaskrzydlna.pl\/index.php\/2025\/08\/10\/ogloszenia-duszpasterskie-10-08-2025-r\/","title":{"rendered":"Og\u0142oszenia duszpasterskie 10.08.2025 r."},"content":{"rendered":"\n<p>Og\u0142oszenia duszpasterskie<\/p>\n\n\n\n<p>19 Niedziela Zwyk\u0142a \u201eC\u201d- 10.08.2025 r.<\/p>\n\n\n\n<ol>\n<li>Dzisiaj 19 niedziela zwyk\u0142a.<\/li>\n\n\n\n<li>Jutro w naszej Parafii b\u0119dzie ca\u0142odzienna adoracja. Rozpocznie si\u0119 po Mszy \u015bw. porannej i b\u0119dzie trwa\u0142a a\u017c do Mszy \u015bw. o godz. 18-tej. Postarajmy znale\u017a\u0107 czas, aby trwa\u0107 przy Chrystusie, kt\u00f3ry jest obecny w Naj\u015bwi\u0119tszym Sakramencie polecaj\u0105c siebie, rodziny, parafi\u0119, nasz\u0105 Ojczyzn\u0119.<\/li>\n\n\n\n<li>W czwartek b\u0119dziemy prze\u017cywa\u0107 Uroczysto\u015b\u0107 Wniebowzi\u0119cia NMP (Matki Bo\u017cej Zielnej). Msze \u015bwi\u0119te tak jak w niedziel\u0119 czyli o godz. 7.30, 10.00 i 16.00. Na sumie b\u0119dzie po\u015bwiecenie wie\u0144ca do\u017cynkowego, wiank\u00f3w, zi\u00f3\u0142, owoc\u00f3w i kwiat\u00f3w. Postarajmy si\u0119, o ile jest to mo\u017cliwe, przyj\u015b\u0107 w regionalnych strojach.<\/li>\n\n\n\n<li>Ponadto w tym tygodniu obchodzimy:\n<ul>\n<li>\u00a0poniedzia\u0142ek \u2013 wspomn. \u015bw. Klary, dziewicy,<\/li>\n\n\n\n<li>\u00a0czwartek \u2013 wspomn. \u015bw. Maksymiliana Marii Kolbego, prezb. i m\u0119cz.<\/li>\n<\/ul>\n<\/li>\n\n\n\n<li>Msze \u015bw. w tym tygodniu o godz. 7.00 a ponadto w \u015brod\u0119 i czwartek o godz. 18.00. Nie b\u0119dzie Mszy \u015bw. rano w czwartek.<\/li>\n\n\n\n<li>Od wtorku rozpoczn\u0105 si\u0119 uroczysto\u015bci odpustowe w Szczyrzycu. Uroczystej sumie w dniu 15 sierpnia b\u0119dzie przewodniczy\u0142 ks. bp. Leszek Leszkiewicz. Bli\u017csze informacje s\u0105 na afiszach.<\/li>\n\n\n\n<li>W najbli\u017csz\u0105 niedziel\u0119 rozpocznie si\u0119 XLIII Piesza Pielgrzymka Tarnowska na Jasn\u0105 G\u00f3r\u0119.<\/li>\n\n\n\n<li>W czwartek udamy si\u0119 w pielgrzymce do Kalwarii Zebrzydowskiej. Wyjazd z przed ko\u015bcio\u0142a o godz. 4.30. Koszt przejazdu 30 z\u0142. Zapisy s\u0105 przyjmowane w supersamie. Serdecznie zach\u0119camy do udania si\u0119 do tego \u015bwi\u0119tego miejsca.<\/li>\n\n\n\n<li>W\u00f3jt Gminy zaprasza do udzia\u0142u w zlazie na \u0141opie\u0144 w najbli\u017csz\u0105 niedziel\u0119. Bli\u017csze informacje s\u0105 na tablicy og\u0142osze\u0144.<\/li>\n\n\n\n<li>Przed ko\u015bcio\u0142em polecamy do nabycia: \u201eGo\u015b\u0107 Niedzielny\u201d, \u201eMa\u0142y Go\u015b\u0107 Niedzielny\u201d, \u201eNiedziel\u0119\u201d, \u201eTrwajcie w Mi\u0142o\u015bci\u201d a dla ma\u0142ych dzieci \u201ePromyczek Dobra\u201d.<\/li>\n<\/ol>\n","protected":false},"excerpt":{"rendered":"<p>Og\u0142oszenia duszpasterskie 19 Niedziela Zwyk\u0142a \u201eC\u201d- 10.08.2025 r.<\/p>\n","protected":false},"author":1,"featured_media":235,"comment_status":"open","ping_status":"open","sticky":false,"template":"","format":"standard","meta":{"footnotes":""},"categories":[5,1],"tags":[],"_links":{"self":[{"href":"https:\/\/parafiaskrzydlna.pl\/index.php\/wp-json\/wp\/v2\/posts\/2571"}],"collection":[{"href":"https:\/\/parafiaskrzydlna.pl\/index.php\/wp-json\/wp\/v2\/posts"}],"about":[{"href":"https:\/\/parafiaskrzydlna.pl\/index.php\/wp-json\/wp\/v2\/types\/post"}],"author":[{"embeddable":true,"href":"https:\/\/parafiaskrzydlna.pl\/index.php\/wp-json\/wp\/v2\/users\/1"}],"replies":[{"embeddable":true,"href":"https:\/\/parafiaskrzydlna.pl\/index.php\/wp-json\/wp\/v2\/comments?post=2571"}],"version-history":[{"count":1,"href":"https:\/\/parafiaskrzydlna.pl\/index.php\/wp-json\/wp\/v2\/posts\/2571\/revisions"}],"predecessor-version":[{"id":2572,"href":"https:\/\/parafiaskrzydlna.pl\/index.php\/wp-json\/wp\/v2\/posts\/2571\/revisions\/2572"}],"wp:featuredmedia":[{"embeddable":true,"href":"https:\/\/parafiaskrzydlna.pl\/index.php\/wp-json\/wp\/v2\/media\/235"}],"wp:attachment":[{"href":"https:\/\/parafiaskrzydlna.pl\/index.php\/wp-json\/wp\/v2\/media?parent=2571"}],"wp:term":[{"taxonomy":"category","embeddable":true,"href":"https:\/\/parafiaskrzydlna.pl\/index.php\/wp-json\/wp\/v2\/categories?post=2571"},{"taxonomy":"post_tag","embeddable":true,"href":"https:\/\/parafiaskrzydlna.pl\/index.php\/wp-json\/wp\/v2\/tags?post=2571"}],"curies":[{"name":"wp","href":"https:\/\/api.w.org\/{rel}","templated":true}]}}