{"id":2276,"date":"2025-05-24T16:31:00","date_gmt":"2025-05-24T14:31:00","guid":{"rendered":"http:\/\/parafiaskrzydlna.pl\/?p=2276"},"modified":"2025-05-28T17:33:32","modified_gmt":"2025-05-28T15:33:32","slug":"ogloszenia-duszpasterskie-25-05-2025-r","status":"publish","type":"post","link":"https:\/\/parafiaskrzydlna.pl\/index.php\/2025\/05\/24\/ogloszenia-duszpasterskie-25-05-2025-r\/","title":{"rendered":"Og\u0142oszenia duszpasterskie 25.05.2025 r."},"content":{"rendered":"\n<p><strong>Og\u0142oszenia duszpasterskie<\/strong><strong><\/strong><\/p>\n\n\n\n<ul>\n<li>Niedz. Wielkanocna &#8211; 25.05.2025 r.<\/li>\n<\/ul>\n\n\n\n<ol>\n<li>Dzisiaj sz\u00f3sta niedziela wielkanocna. Po po\u0142udniu o godz. 16-tej b\u0119dzie Nabo\u017ce\u0144stwo Majowe.<\/li>\n\n\n\n<li>Za tydzie\u0144 b\u0119dziemy obchodzi\u0107 Uroczysto\u015b\u0107 Wniebowst\u0105pienia Pana Jezusa.<\/li>\n\n\n\n<li>Najbli\u017csza niedziela\u00a0 jest r\u00f3wnie\u017c dniem dzi\u0119kczynienia w Polsce oraz Dniem Dziecka.<\/li>\n\n\n\n<li>W pi\u0105tek rozpoczniemy Nowenn\u0119 przed Uroczysto\u015bci\u0105 Zes\u0142ania Ducha \u015awi\u0119tego.<\/li>\n\n\n\n<li>W tym tygodniu obchodzimy:\n<ul>\n<li>poniedzia\u0142ek \u2013 wspomn. \u015bw. Filipa Neri, prezb.,<\/li>\n\n\n\n<li>\u015broda \u2013 wspomn. b\u0142. Stefana Wyszy\u0144skiego, bpa,<\/li>\n\n\n\n<li>czwartek \u2013 wspomn. \u015bw. Teresy Led\u00f3chowskiej, dziew.,<\/li>\n\n\n\n<li>\u00a0sobota \u2013 Nawiedzenie Naj\u015bwi\u0119tszej Maryi Panny, \u015bwi\u0119to.<\/li>\n<\/ul>\n<\/li>\n\n\n\n<li>Od poniedzia\u0142ku do \u015brody b\u0119dziemy prze\u017cywa\u0107 dni krzy\u017cowe, podczas kt\u00f3rych b\u0119dziemy si\u0119 modlili o urodzaje. Udamy si\u0119 do kapliczek w poniedzia\u0142ek ko\u0142o szko\u0142y, we wtorek ko\u0142o SKR-u, i w \u015brod\u0119 na Przenosz\u0119. Zapraszamy do licznego uczestnictwa w tych nabo\u017ce\u0144stwach.<\/li>\n\n\n\n<li>Zmiana tajemnic r\u00f3\u017ca\u0144cowych b\u0119dzie w przysz\u0142\u0105 niedziel\u0119 po prymarii.<\/li>\n\n\n\n<li>Msza \u015bw. codziennie o godz. 7.00 i 18-tej a po niej Nabo\u017ce\u0144stwo Majowe. Starajmy si\u0119 licznie przychodzi\u0107 na MAJ\u00d3WKI.<\/li>\n\n\n\n<li>W dniu jutrzejszym pami\u0119tajmy o naszych mamach w dniu ich \u015bwi\u0119ta.<\/li>\n\n\n\n<li>Gminny O\u015brodek Kultury w Dobrej zaprasza wszystkie dzieci do udzia\u0142u w tegorocznymGminnym Dniu Dziecka w dniu 31 maja w godzinachod 14:00 do 20:00wParku im. Ma\u0142achowskich.<\/li>\n\n\n\n<li>Przed ko\u015bcio\u0142em do nabycia: \u201eGo\u015b\u0107 Niedzielny\u201d, \u201eNiedziela\u201d, \u201eMa\u0142y Go\u015b\u0107 Niedzielny\u201d,\u00a0 \u201eTrwajcie w mi\u0142o\u015bci\u201d, \u201ePromyczek Dobra\u201d.<\/li>\n<\/ol>\n","protected":false},"excerpt":{"rendered":"<p>Og\u0142oszenia duszpasterskie<\/p>\n","protected":false},"author":1,"featured_media":235,"comment_status":"open","ping_status":"open","sticky":false,"template":"","format":"standard","meta":{"footnotes":""},"categories":[5,1],"tags":[],"_links":{"self":[{"href":"https:\/\/parafiaskrzydlna.pl\/index.php\/wp-json\/wp\/v2\/posts\/2276"}],"collection":[{"href":"https:\/\/parafiaskrzydlna.pl\/index.php\/wp-json\/wp\/v2\/posts"}],"about":[{"href":"https:\/\/parafiaskrzydlna.pl\/index.php\/wp-json\/wp\/v2\/types\/post"}],"author":[{"embeddable":true,"href":"https:\/\/parafiaskrzydlna.pl\/index.php\/wp-json\/wp\/v2\/users\/1"}],"replies":[{"embeddable":true,"href":"https:\/\/parafiaskrzydlna.pl\/index.php\/wp-json\/wp\/v2\/comments?post=2276"}],"version-history":[{"count":1,"href":"https:\/\/parafiaskrzydlna.pl\/index.php\/wp-json\/wp\/v2\/posts\/2276\/revisions"}],"predecessor-version":[{"id":2277,"href":"https:\/\/parafiaskrzydlna.pl\/index.php\/wp-json\/wp\/v2\/posts\/2276\/revisions\/2277"}],"wp:featuredmedia":[{"embeddable":true,"href":"https:\/\/parafiaskrzydlna.pl\/index.php\/wp-json\/wp\/v2\/media\/235"}],"wp:attachment":[{"href":"https:\/\/parafiaskrzydlna.pl\/index.php\/wp-json\/wp\/v2\/media?parent=2276"}],"wp:term":[{"taxonomy":"category","embeddable":true,"href":"https:\/\/parafiaskrzydlna.pl\/index.php\/wp-json\/wp\/v2\/categories?post=2276"},{"taxonomy":"post_tag","embeddable":true,"href":"https:\/\/parafiaskrzydlna.pl\/index.php\/wp-json\/wp\/v2\/tags?post=2276"}],"curies":[{"name":"wp","href":"https:\/\/api.w.org\/{rel}","templated":true}]}}