{"id":2247,"date":"2025-04-12T23:09:44","date_gmt":"2025-04-12T21:09:44","guid":{"rendered":"http:\/\/parafiaskrzydlna.pl\/?p=2247"},"modified":"2025-04-12T23:09:46","modified_gmt":"2025-04-12T21:09:46","slug":"intencje-mszalne-17-23-03-2025-r","status":"publish","type":"post","link":"https:\/\/parafiaskrzydlna.pl\/index.php\/2025\/04\/12\/intencje-mszalne-17-23-03-2025-r\/","title":{"rendered":"Intencje Mszalne 17 \u2013 23.03.2025 r."},"content":{"rendered":"\n<p><strong>Intencje Mszalne<\/strong><\/p>\n\n\n\n<p>17. \u2013 23.03.2025 r.<\/p>\n\n\n\n<figure class=\"wp-block-table\"><table><tbody><tr><td colspan=\"2\"><strong>Poniedzia\u0142ek \u2013 14.04.2025 r.<\/strong><strong><\/strong><\/td><\/tr><tr><td><strong>7.00<\/strong><\/td><td>+ <strong>Jana i Mari\u0119 Dro\u017cd\u017c <\/strong>z int. najbli\u017cszych. <br>+ <strong>Tadeusza Wo\u017aniczk\u0119 <\/strong>w 30 rocznic\u0119 \u015bmierci i \u017con\u0119 <strong>Zofi\u0119 <\/strong>z int. syna Marka z rodzin\u0105.<\/td><\/tr><tr><td><strong>P.p.<\/strong><\/td><td>+ <strong>Zofi\u0119 Chlipa\u0142\u0119 <\/strong>z int. Cecylii i Stanis\u0142awa Lenart. <br>+ <strong>Zofi\u0119 Chlipa\u0142\u0119 <\/strong>z int. rodizny Dudzik i Ulman z Poznachowic.<\/td><\/tr><tr><td colspan=\"2\"><strong>Wtorek \u2013 15.04.2025 r.<\/strong><strong><\/strong><\/td><\/tr><tr><td><strong>7.00<\/strong><\/td><td>+ <strong>Aniel\u0119 Dro\u017cd\u017c <\/strong>w 10 rocznic\u0119 \u015bmierci oraz zmar\u0142ych <strong>rodzic\u00f3w.<\/strong> <br>+ <strong>W\u0142odzimierza Zaj\u0105ca <\/strong>w rocznic\u0119 \u015bmierci z int. najbli\u017cszych.<\/td><\/tr><tr><td><strong>P.p.<\/strong><\/td><td>+ <strong>Kazimier\u0119 Konieczn\u0105 <\/strong>z int. s\u0105siad\u00f3w Pazdur\u00f3w. <br>+ <strong>Kazimier\u0119 Konieczn\u0105 <\/strong>z int. Gra\u017cyny i Czes\u0142awa W\u0105tor z Jurkowa.<\/td><\/tr><tr><td colspan=\"2\"><strong>\u015aroda \u2013 16.04.2025 r.<\/strong><strong><\/strong><\/td><\/tr><tr><td><strong>7.00<\/strong><\/td><td>+ <strong>Zbigniewa Ja\u015bkowicza <\/strong>w 3 rocznic\u0119 \u015bmierci z int. najbli\u017cszych.<\/td><\/tr><tr><td><strong>18:00<\/strong><\/td><td>+ <strong>Aleksandra Wo\u017aniczk\u0119, <\/strong>\u017con\u0119 <strong>Juli\u0119 <\/strong>oraz c\u00f3rk\u0119 <strong>El\u017cbiet\u0119 <\/strong>z int. najbli\u017cszych.<\/td><\/tr><tr><td><strong>P.p.<\/strong><\/td><td>+ <strong>J\u00f3zefa Pal\u0119 <\/strong>z int. J\u00f3zefy Macio\u0142ek z rodzin\u0105. <br>+ <strong>J\u00f3zefa Pal\u0119 <\/strong>z int. szwagierki W\u0142adys\u0142awy z m\u0119\u017cem z Nowego S\u0105cza.<\/td><\/tr><tr><td colspan=\"2\"><strong>Czwartek \u2013 17.04.2025 r.<\/strong><strong><\/strong><\/td><\/tr><tr><td><strong>18:00<\/strong><\/td><td>Dzi\u0119kczynno-b\u0142agalna w int. kap\u0142an\u00f3w: ks. Proboszcza Marka Krupy, ks. wikariusza Jana Czapigi, ks. prof. Krzysztofa Ko\u015bcielniaka \u2013 o zdrowie, dary Ducha \u015awi\u0119tego i Bo\u017ce b\u0142ogos\u0142awie\u0144stwo w \u017cyciu kap\u0142a\u0144skim z int. r\u00f3\u017cy \u015bw. Faustyny. <br>+ Kap\u0142an\u00f3w: <strong>ks. Stanis\u0142awa \u015awierczka, ks. J\u00f3zefa Kozickiego, ks. Romana Mizer\u0119 <\/strong>oraz <strong>ks. bpa J\u00f3zefa Pazdura <\/strong>z int. r\u00f3\u017cy \u015bw. Faustyny.<\/td><\/tr><tr><td><strong>P.p.<\/strong><\/td><td>+ <strong>Stanis\u0142awa Opio\u0142\u0119 <\/strong>z int. Bo\u017ceny i Roberta Kaweckich. <br>+ <strong>Stanis\u0142awa Opio\u0142\u0119 <\/strong>z int. Anny i J\u00f3zefa Kasprzyckich.<\/td><\/tr><tr><td colspan=\"2\"><strong>Pi\u0105tek \u2013 18.04.2025 r.<\/strong><strong><\/strong><\/td><\/tr><tr><td colspan=\"2\"><strong>Liturgia Wielkiego Pi\u0105tku \u2013 18:00<\/strong><\/td><\/tr><tr><td colspan=\"2\"><strong>Sobota \u2013 19.04.2025 r.<\/strong><\/td><\/tr><tr><td><strong>19:00<\/strong><\/td><td>W int. Parafii <br>+ <strong>Jana Nawie\u015bniaka<\/strong> w 30 rocznic\u0119 \u015bmierci z int. c\u00f3rki Gra\u017cyny z rodzin\u0105.<\/td><\/tr><tr><td><strong>P.p.<\/strong><\/td><td>+ <strong>Zdzis\u0142awa Macio\u0142ka <\/strong>z int. Zofii Cie\u015blak z rodizn\u0105. <br>+ <strong>Zdzis\u0142awa Macio\u0142ka <\/strong>z int. rodziny Bywalec.<\/td><\/tr><tr><td colspan=\"2\"><strong>Niedziela \u2013 Wielkanoc &#8211; 20.04.2025 r.<\/strong><strong><\/strong><\/td><\/tr><tr><td><strong>7.00<\/strong><\/td><td>W int. Parafii<\/td><\/tr><tr><td><strong>9:00<\/strong><\/td><td>Dzi\u0119kczynno-b\u0142agalna z podzi\u0119kowaniem za \u0142aski i pro\u015bb\u0105 o dalsze z okazji \u015blubu.<\/td><\/tr><tr><td><strong>11:00<\/strong><\/td><td>+ <strong>Piotra Kalet\u0119<\/strong> z int. najbli\u017cszych.<\/td><\/tr><tr><td><strong>16:00<\/strong><\/td><td>+ <strong>Leona i Franciszka Samulewskich<\/strong>.<\/td><\/tr><tr><td><strong>P.p.<\/strong><\/td><td>+ <strong>Piotra Kalet\u0119 <\/strong>z int. Alicji Smoluch-Bie\u0144ko z rodizn\u0105. <br>+ <strong>Piotra Kalet\u0119 <\/strong>z int. Alberta Pazdura.<\/td><\/tr><tr><td colspan=\"2\"><strong>Poniedzia\u0142ek Wielkanocny \u2013 21.04.2025 r.<\/strong><strong><\/strong><\/td><\/tr><tr><td><strong>7:00<\/strong><strong><\/strong><\/td><td>+ <strong>Jadwig\u0119 Tomer\u0119<\/strong> z int. najbli\u017cszych.<\/td><\/tr><tr><td><strong>9:00<\/strong><strong><\/strong><\/td><td>+ <strong>Jana Jarosza <\/strong>w 9 rocznic\u0119 \u015bmierci oraz zmar\u0142ych rodzic\u00f3w: <strong>Aleksandr\u0119 i J\u00f3zefa<\/strong>.<\/td><\/tr><tr><td><strong>11:00<\/strong><strong><\/strong><\/td><td>+ <strong>Stanis\u0142awa \u0141azarczyka <\/strong>w 9 rocznic\u0119 \u015bmierci z int. c\u00f3rki z rodzin\u0105.<\/td><\/tr><tr><td><strong>P.p.<\/strong><strong><\/strong><\/td><td>+ <strong>Janin\u0119 Nowak <\/strong>z int. Anny Liman\u00f3wka z Wilkowiska. <br>+ <strong>Janin\u0119 Nowak <\/strong>z int. rodziny Bolig\u0142owa z Krakowa.<\/td><\/tr><\/tbody><\/table><\/figure>\n\n\n\n<p><strong>1-30.04.2025 r. +<u> Stanis\u0142awa Opio\u0142\u0119<\/u> (greg.) z int. pogrzeb.<\/strong><\/p>\n","protected":false},"excerpt":{"rendered":"<p>Intencje Mszalne 17. \u2013 23.03.2025 r. Poniedzia\u0142ek \u2013 14.04.2025 r. 7.00 + Jana i Mari\u0119 Dro\u017cd\u017c z int. najbli\u017cszych. + Tadeusza Wo\u017aniczk\u0119 w 30 rocznic\u0119 \u015bmierci i \u017con\u0119 Zofi\u0119 z int. syna Marka z&#46;&#46;&#46;<\/p>\n","protected":false},"author":1,"featured_media":276,"comment_status":"open","ping_status":"open","sticky":false,"template":"","format":"standard","meta":{"footnotes":""},"categories":[4,1],"tags":[],"_links":{"self":[{"href":"https:\/\/parafiaskrzydlna.pl\/index.php\/wp-json\/wp\/v2\/posts\/2247"}],"collection":[{"href":"https:\/\/parafiaskrzydlna.pl\/index.php\/wp-json\/wp\/v2\/posts"}],"about":[{"href":"https:\/\/parafiaskrzydlna.pl\/index.php\/wp-json\/wp\/v2\/types\/post"}],"author":[{"embeddable":true,"href":"https:\/\/parafiaskrzydlna.pl\/index.php\/wp-json\/wp\/v2\/users\/1"}],"replies":[{"embeddable":true,"href":"https:\/\/parafiaskrzydlna.pl\/index.php\/wp-json\/wp\/v2\/comments?post=2247"}],"version-history":[{"count":1,"href":"https:\/\/parafiaskrzydlna.pl\/index.php\/wp-json\/wp\/v2\/posts\/2247\/revisions"}],"predecessor-version":[{"id":2248,"href":"https:\/\/parafiaskrzydlna.pl\/index.php\/wp-json\/wp\/v2\/posts\/2247\/revisions\/2248"}],"wp:featuredmedia":[{"embeddable":true,"href":"https:\/\/parafiaskrzydlna.pl\/index.php\/wp-json\/wp\/v2\/media\/276"}],"wp:attachment":[{"href":"https:\/\/parafiaskrzydlna.pl\/index.php\/wp-json\/wp\/v2\/media?parent=2247"}],"wp:term":[{"taxonomy":"category","embeddable":true,"href":"https:\/\/parafiaskrzydlna.pl\/index.php\/wp-json\/wp\/v2\/categories?post=2247"},{"taxonomy":"post_tag","embeddable":true,"href":"https:\/\/parafiaskrzydlna.pl\/index.php\/wp-json\/wp\/v2\/tags?post=2247"}],"curies":[{"name":"wp","href":"https:\/\/api.w.org\/{rel}","templated":true}]}}