{"id":2124,"date":"2024-11-16T18:44:38","date_gmt":"2024-11-16T17:44:38","guid":{"rendered":"http:\/\/parafiaskrzydlna.pl\/?p=2124"},"modified":"2024-11-19T20:08:27","modified_gmt":"2024-11-19T19:08:27","slug":"intencje-mszalne-18-24-11-2024r","status":"publish","type":"post","link":"https:\/\/parafiaskrzydlna.pl\/index.php\/2024\/11\/16\/intencje-mszalne-18-24-11-2024r\/","title":{"rendered":"Intencje Mszalne 18-24.11.2024r."},"content":{"rendered":"\n<p class=\"has-text-align-center\"><strong>Intencje Mszalne<\/strong><\/p>\n\n\n\n<p class=\"has-text-align-center\">18-24.11.2024 r.<\/p>\n\n\n\n<figure class=\"wp-block-table\"><table><tbody><tr><td colspan=\"2\"><strong>Poniedzia\u0142ek \u2013 18.11.2024 r.<\/strong><\/td><\/tr><tr><td><strong>7.00<\/strong><\/td><td>+ Stanis\u0142awa Widomskiego, \u017con\u0119 Agat\u0119 i c\u00f3rk\u0119 Barbar\u0119. <br>Dzi\u0119kczynno-b\u0142agalna w int. r\u00f3\u017cy b\u0142. Karoliny K\u00f3zk\u00f3wnej i ich rodzin. <br>+ Helen\u0119 Pazdur z int. Marii i Andrzeja Zaj\u0105c.<\/td><\/tr><tr><td><strong>P.p.<\/strong><\/td><td>+ Helen\u0119 Pazdur z int. Ochotniczej Stra\u017cy Po\u017carnej w Wi\u015bniowej.<\/td><\/tr><tr><td colspan=\"2\"><strong>Wtorek \u2013 19.11.2024 r.<\/strong><\/td><\/tr><tr><td><strong>7.00<\/strong><\/td><td>+ Zbigniewa Matykiewicza. <br>+ Zdzis\u0142awa Macio\u0142ka w 7 dzie\u0144 po \u015bmierci z int. \u017cony.<\/td><\/tr><tr><td><strong>P.p.<\/strong><\/td><td>+ Zdzis\u0142awa Macio\u0142ka z int. rodziny Pazdur\u00f3w od SKR. <br>W int. Bogu wiadomej. (x. P.)<\/td><\/tr><tr><td colspan=\"2\"><strong>\u015aroda \u2013 20.11.2024 r.<\/strong><\/td><\/tr><tr><td><strong>7.00<\/strong><\/td><td>+ Rozali\u0119 Smag\u0119 z int. najbli\u017cszych.<\/td><\/tr><tr><td><strong>17:00<\/strong><\/td><td>+ Ann\u0119 Cygal w rocznic\u0119 \u015bmierci i m\u0119\u017ca Wawrzy\u0144ca.<\/td><\/tr><tr><td><strong>P.p.<\/strong><\/td><td>+ Helen\u0119 Konieczn\u0105 z int. rodziny z Poznania. <br>+ Helen\u0119 Konieczn\u0105 z int. rodziny Kopytk\u00f3w. (x. P.)<\/td><\/tr><tr><td colspan=\"2\"><strong>Czwartek \u2013 21.11.2024 r.<\/strong><\/td><\/tr><tr><td><strong>7:00<\/strong><\/td><td>+ J\u00f3zef\u0119 Puto z int. c\u00f3rki Marii z m\u0119\u017cem. <br>+ Renat\u0119 Czyrnek z int. siostry Iwony z dzie\u0107mi.<\/td><\/tr><tr><td><strong>P.p.<\/strong><\/td><td>+ J\u00f3zef\u0119 Puto z int.  Haliny i Jana Ko\u0142odziej.<br>+ J\u00f3zef\u0119 Puto z int. Janiny Pazdur. (x. P.)<\/td><\/tr><tr><td colspan=\"2\"><strong>Pi\u0105tek \u2013 22.11.2024 r.<\/strong><\/td><\/tr><tr><td><strong>7:00<\/strong><\/td><td>+ Marka K\u0105ckiego z int. c\u00f3rki Angeliki z rodzin\u0105.<\/td><\/tr><tr><td><strong>17:00<\/strong><\/td><td>O Bo\u017ce b\u0142ogos\u0142awie\u0144stwo i opiek\u0119 Matki Bo\u017cej dla wnuk\u00f3w: Huberta, Niny i Jana.<\/td><\/tr><tr><td><strong>P.p.<\/strong><\/td><td>+ Marka K\u0105ckiego z int. El\u017cbiety Dudzik z rodzin\u0105.<\/td><\/tr><tr><td colspan=\"2\"><strong>Sobota \u2013 23.11.2024 r.<\/strong><\/td><\/tr><tr><td><strong>7:00<\/strong><\/td><td>+ Zofi\u0119 Chlipa\u0142\u0119 z int. chrze\u015bniaka Zbigniewa Tomery z rodzin\u0105. <br>+ Zofi\u0119 Szpilk\u0119 z int. wnuka \u0141ukasza z \u017con\u0105.<\/td><\/tr><tr><td><strong>P.p.<\/strong><\/td><td>+ Zofi\u0119 Chlipa\u0142\u0119 z int. przyjaci\u00f3\u0142 wnuka Patryka: Tomka, Wiktora i Jowity z rodzicami.<\/td><\/tr><tr><td colspan=\"2\"><strong>Niedziela \u2013 24.11.2024 r.<\/strong><\/td><\/tr><tr><td><strong>7.00<\/strong><\/td><td>+ Antoniego Ni\u017cnika w 5 rocznic\u0119 \u015bmierci.<\/td><\/tr><tr><td><strong>9:00<\/strong><\/td><td>+ J\u00f3zef\u0119 Jarosz w 16 rocznic\u0119 \u015bmierci, m\u0119\u017ca Ludwika i syna Stanis\u0142awa.<\/td><\/tr><tr><td><strong>11:00<\/strong><\/td><td>+ Konstantego Paluszka w 3 rocznic\u0119 \u015bmierci z int. rodziny z Woli Skrzydla\u0144skiej.<\/td><\/tr><tr><td><strong>16:00<\/strong><\/td><td>W int. Parafii.<\/td><\/tr><tr><td><strong>P.p<\/strong><\/td><td>+ Stanis\u0142awa Kopytka z int. Kingi ze Str\u00f3\u017cy.<\/td><\/tr><\/tbody><\/table><\/figure>\n\n\n\n<p><strong>&nbsp;&nbsp;&nbsp;&nbsp;&nbsp;&nbsp;&nbsp;&nbsp;&nbsp;&nbsp;&nbsp; 1-30.11.2024 r. +<u>Piotr Kaleta<\/u> (greg.) z int. pogrzeb.<\/strong><\/p>\n","protected":false},"excerpt":{"rendered":"<p>Intencje Mszalne 18-24.11.2024 r. Poniedzia\u0142ek \u2013 18.11.2024 r. 7.00 + Stanis\u0142awa Widomskiego, \u017con\u0119 Agat\u0119 i c\u00f3rk\u0119 Barbar\u0119. Dzi\u0119kczynno-b\u0142agalna w int. r\u00f3\u017cy b\u0142. Karoliny K\u00f3zk\u00f3wnej i ich rodzin. + Helen\u0119 Pazdur z int. Marii i&#46;&#46;&#46;<\/p>\n","protected":false},"author":1,"featured_media":276,"comment_status":"open","ping_status":"open","sticky":false,"template":"","format":"standard","meta":{"footnotes":""},"categories":[4,1],"tags":[],"_links":{"self":[{"href":"https:\/\/parafiaskrzydlna.pl\/index.php\/wp-json\/wp\/v2\/posts\/2124"}],"collection":[{"href":"https:\/\/parafiaskrzydlna.pl\/index.php\/wp-json\/wp\/v2\/posts"}],"about":[{"href":"https:\/\/parafiaskrzydlna.pl\/index.php\/wp-json\/wp\/v2\/types\/post"}],"author":[{"embeddable":true,"href":"https:\/\/parafiaskrzydlna.pl\/index.php\/wp-json\/wp\/v2\/users\/1"}],"replies":[{"embeddable":true,"href":"https:\/\/parafiaskrzydlna.pl\/index.php\/wp-json\/wp\/v2\/comments?post=2124"}],"version-history":[{"count":2,"href":"https:\/\/parafiaskrzydlna.pl\/index.php\/wp-json\/wp\/v2\/posts\/2124\/revisions"}],"predecessor-version":[{"id":2130,"href":"https:\/\/parafiaskrzydlna.pl\/index.php\/wp-json\/wp\/v2\/posts\/2124\/revisions\/2130"}],"wp:featuredmedia":[{"embeddable":true,"href":"https:\/\/parafiaskrzydlna.pl\/index.php\/wp-json\/wp\/v2\/media\/276"}],"wp:attachment":[{"href":"https:\/\/parafiaskrzydlna.pl\/index.php\/wp-json\/wp\/v2\/media?parent=2124"}],"wp:term":[{"taxonomy":"category","embeddable":true,"href":"https:\/\/parafiaskrzydlna.pl\/index.php\/wp-json\/wp\/v2\/categories?post=2124"},{"taxonomy":"post_tag","embeddable":true,"href":"https:\/\/parafiaskrzydlna.pl\/index.php\/wp-json\/wp\/v2\/tags?post=2124"}],"curies":[{"name":"wp","href":"https:\/\/api.w.org\/{rel}","templated":true}]}}