{"id":2119,"date":"2024-11-09T21:29:27","date_gmt":"2024-11-09T20:29:27","guid":{"rendered":"http:\/\/parafiaskrzydlna.pl\/?p=2119"},"modified":"2024-11-09T21:29:27","modified_gmt":"2024-11-09T20:29:27","slug":"intencje-mszalne-11-17-11-2024r","status":"publish","type":"post","link":"https:\/\/parafiaskrzydlna.pl\/index.php\/2024\/11\/09\/intencje-mszalne-11-17-11-2024r\/","title":{"rendered":"Intencje Mszalne 11-17.11.2024r."},"content":{"rendered":"\n<p class=\"has-text-align-center\"><strong>Intencje Mszalne<\/strong><\/p>\n\n\n\n<p class=\"has-text-align-center\">11-17.11.2024 r.<\/p>\n\n\n\n<figure class=\"wp-block-table\"><table><tbody><tr><td colspan=\"2\"><strong>Poniedzia\u0142ek \u2013 11.11.2024 r.<\/strong><\/td><\/tr><tr><td><strong>7.00<\/strong><\/td><td>+ Jana i Iren\u0119 oraz Lucyn\u0119 z int. dzieci. <br>Dzi\u0119kczynno-b\u0142agalna za \u017cycie i zdrowie, z pro\u015bb\u0105 o dalsz\u0105 opiek\u0119 w int. Jadwigi.<\/td><\/tr><tr><td><strong>10:00<\/strong><\/td><td>W int. Ojczyzny.<\/td><\/tr><tr><td><strong>P.p.<\/strong><\/td><td>+ Krzysztofa Koz\u0119 z int. Marty i Zbigniewa Le\u015bniak.<\/td><\/tr><tr><td colspan=\"2\"><strong>Wtorek \u2013 12.11.2024 r.<\/strong><\/td><\/tr><tr><td><strong>7.00<\/strong><\/td><td>+ Zygmunta Zaj\u0105ca w 5 rocznic\u0119 \u015bmierci z int. \u017cony i dzieci z rodzinami. <br>+ Tomasza Twardosza od koleg\u00f3w ze stra\u017cy granicznej.<\/td><\/tr><tr><td><strong>P.p.<\/strong><\/td><td>+ Zofi\u0119 Chlipa\u0142\u0119 z int. rodziny Skwarczk\u00f3w ze S\u0142omki.<\/td><\/tr><tr><td colspan=\"2\"><strong>\u015aroda \u2013 13.11.2024 r.<\/strong><\/td><\/tr><tr><td><strong>7.00<\/strong><\/td><td>O zdrowie, Bo\u017ce b\u0142ogos\u0142awie\u0144stwo i opiek\u0119 Matki Bo\u017cej dla pewnej osoby.<\/td><\/tr><tr><td><strong>17:00<\/strong><\/td><td>Dzi\u0119kczynno-b\u0142agalna z okazji 50 urodzin z podzi\u0119kowaniem za dotychczasowe \u0142aski z pro\u015bb\u0105 o Bo\u017ce b\u0142ogos\u0142awie\u0144stwo i opiek\u0119 Matki Bo\u017cej.<\/td><\/tr><tr><td><strong>P.p.<\/strong><\/td><td>+ Helen\u0119 Konieczn\u0105 z int. kole\u017canek c\u00f3rki Marii: Wandy, Haliny i Barbary.<\/td><\/tr><tr><td colspan=\"2\"><strong>Czwartek \u2013 14.11.2024 r.<\/strong><\/td><\/tr><tr><td><strong>7:00<\/strong><\/td><td>+ Edwarda Biela w 20 rocznic\u0119 \u015bmierci. <br>+ Stanis\u0142awa Smag\u0119 oraz Jana i Ann\u0119 Rubin.<\/td><\/tr><tr><td><strong>P.p.<\/strong><\/td><td>+ Kazimierza Pazdana z int. kole\u017canki Genowefy rocznik 1966.<\/td><\/tr><tr><td colspan=\"2\"><strong>Pi\u0105tek \u2013 15.11.2024 r.<\/strong><\/td><\/tr><tr><td><strong>7:00<\/strong><\/td><td>+ Mari\u0119 Szynkur\u0119 w 2 rocznic\u0119 \u015bmierci z int. c\u00f3rki z rodzin\u0105.<\/td><\/tr><tr><td><strong>17:00<\/strong><\/td><td>+ Bronis\u0142awa Cie\u015blaka w 40 rocznic\u0119 \u015bmierci oraz zmar\u0142ych rodzic\u00f3w: Kazimier\u0119 i Stanis\u0142awa.<\/td><\/tr><tr><td><strong>P.p.<\/strong><\/td><td>+ Michalin\u0119 Bugajsk\u0105 z int. pracownik\u00f3w \u201eDelikatesy Centrum\u201d z Dobrej.<\/td><\/tr><tr><td colspan=\"2\"><strong>Sobota \u2013 16.11.2024 r.<\/strong><\/td><\/tr><tr><td><strong>7:00<\/strong><\/td><td>+ J\u00f3zef\u0119 Kalet\u0119 w 4 rocznic\u0119 \u015bmierci z int. najbli\u017cszych. <br>+ El\u017cbiet\u0119 Zaj\u0105c\u00f3wn\u0119 z int. kuzyna J\u00f3zefa z rodzin\u0105.<\/td><\/tr><tr><td><strong>P.p.<\/strong><\/td><td>+ Helen\u0119 Pazdur z int. Renaty z rodzin\u0105.<\/td><\/tr><tr><td colspan=\"2\"><strong>Niedziela \u2013 17.11.2024 r.<\/strong><\/td><\/tr><tr><td><strong>7.00<\/strong><\/td><td>+ \u0141ucj\u0119 Furman w 4 rocznic\u0119 \u015bmierci z int. wnuczki Sabiny z rodzin\u0105.<\/td><\/tr><tr><td><strong>9:00<\/strong><\/td><td>+ Franciszk\u0119 Niewolsk\u0105 w rocznic\u0119 \u015bmierci oraz m\u0119\u017ca Antoniego.<\/td><\/tr><tr><td><strong>11:00<\/strong><\/td><td>W int. Parafii.<\/td><\/tr><tr><td><strong>16:00<\/strong><\/td><td>+ Bronis\u0142awa i Helen\u0119 Morajko w 6 rocznic\u0119 \u015bmierci Bronis\u0142awa z int. c\u00f3rki El\u017cbiety.<\/td><\/tr><tr><td><strong>P.p<\/strong><\/td><td>+ Helen\u0119 Morajko z int. Katarzyny i Jakuba Arkuszewskich.<\/td><\/tr><\/tbody><\/table><\/figure>\n\n\n\n<p><strong>&nbsp;&nbsp;&nbsp;&nbsp;&nbsp;&nbsp;&nbsp;&nbsp;&nbsp;&nbsp;&nbsp; 1-30.11.2024 r. +<u>Piotr Kaleta<\/u> (greg.) z int. pogrzeb.<\/strong><\/p>\n","protected":false},"excerpt":{"rendered":"<p>Intencje Mszalne 11-17.11.2024 r. Poniedzia\u0142ek \u2013 11.11.2024 r. 7.00 + Jana i Iren\u0119 oraz Lucyn\u0119 z int. dzieci. Dzi\u0119kczynno-b\u0142agalna za \u017cycie i zdrowie, z pro\u015bb\u0105 o dalsz\u0105 opiek\u0119 w int. Jadwigi. 10:00 W int.&#46;&#46;&#46;<\/p>\n","protected":false},"author":1,"featured_media":276,"comment_status":"open","ping_status":"open","sticky":false,"template":"","format":"standard","meta":{"footnotes":""},"categories":[4,1],"tags":[],"_links":{"self":[{"href":"https:\/\/parafiaskrzydlna.pl\/index.php\/wp-json\/wp\/v2\/posts\/2119"}],"collection":[{"href":"https:\/\/parafiaskrzydlna.pl\/index.php\/wp-json\/wp\/v2\/posts"}],"about":[{"href":"https:\/\/parafiaskrzydlna.pl\/index.php\/wp-json\/wp\/v2\/types\/post"}],"author":[{"embeddable":true,"href":"https:\/\/parafiaskrzydlna.pl\/index.php\/wp-json\/wp\/v2\/users\/1"}],"replies":[{"embeddable":true,"href":"https:\/\/parafiaskrzydlna.pl\/index.php\/wp-json\/wp\/v2\/comments?post=2119"}],"version-history":[{"count":1,"href":"https:\/\/parafiaskrzydlna.pl\/index.php\/wp-json\/wp\/v2\/posts\/2119\/revisions"}],"predecessor-version":[{"id":2120,"href":"https:\/\/parafiaskrzydlna.pl\/index.php\/wp-json\/wp\/v2\/posts\/2119\/revisions\/2120"}],"wp:featuredmedia":[{"embeddable":true,"href":"https:\/\/parafiaskrzydlna.pl\/index.php\/wp-json\/wp\/v2\/media\/276"}],"wp:attachment":[{"href":"https:\/\/parafiaskrzydlna.pl\/index.php\/wp-json\/wp\/v2\/media?parent=2119"}],"wp:term":[{"taxonomy":"category","embeddable":true,"href":"https:\/\/parafiaskrzydlna.pl\/index.php\/wp-json\/wp\/v2\/categories?post=2119"},{"taxonomy":"post_tag","embeddable":true,"href":"https:\/\/parafiaskrzydlna.pl\/index.php\/wp-json\/wp\/v2\/tags?post=2119"}],"curies":[{"name":"wp","href":"https:\/\/api.w.org\/{rel}","templated":true}]}}