{"id":2107,"date":"2024-10-26T22:10:35","date_gmt":"2024-10-26T20:10:35","guid":{"rendered":"http:\/\/parafiaskrzydlna.pl\/?p=2107"},"modified":"2024-10-26T22:10:36","modified_gmt":"2024-10-26T20:10:36","slug":"ogloszenia-duszpasterskie-27-10-2024-r","status":"publish","type":"post","link":"https:\/\/parafiaskrzydlna.pl\/index.php\/2024\/10\/26\/ogloszenia-duszpasterskie-27-10-2024-r\/","title":{"rendered":"Og\u0142oszenia duszpasterskie 27.10.2024 r."},"content":{"rendered":"\n<p>Og\u0142oszenia duszpasterskie<\/p>\n\n\n\n<p>30 Niedziela Zwyk\u0142a \u201eB\u201d- 27.10.2023 r.<\/p>\n\n\n\n<ol>\n<li>Dzisiaj 30 niedziela zwyk\u0142a. Prze\u017cywamy rocznic\u0119 po\u015bwi\u0119cenia miejscowego ko\u015bcio\u0142a. Po po\u0142udniu o godz. 16-tej nabo\u017ce\u0144stwo r\u00f3\u017ca\u0144cowe a po nim Msza \u015bw.<\/li>\n\n\n\n<li>Jutro \u015bwi\u0119to \u015aw. Szymona i Judy Tadeusza, Aposto\u0142\u00f3w.<\/li>\n\n\n\n<li>W najbli\u017cszy pi\u0105tek 1 listopada, obchodzimy Uroczysto\u015b\u0107 Wszystkich \u015awi\u0119tych. Tajemnica \u015awi\u0119tych Obcowania prowadzi nas te\u017c na cmentarz &#8211; na groby naszych bliskich. Zanie\u015bmy im w darze nie tylko kwiaty i znicze, &#8211; ale przede wszystkim nasz\u0105 modlitw\u0119, wypominki, Msze \u015aw. i Komuni\u0119. Msze \u015bw. we Wszystkich \u015awi\u0119tych w nowym ko\u015bciele o godz. 7.00, 9.00, 11.00 i po po\u0142udniu o godz. 13.00 po\u0142\u0105czona z nieszporami. Po Mszy \u015bw. udamy si\u0119 w procesji na cmentarz odmawiaj\u0105c Koronk\u0119 do Mi\u0142osierdzia Bo\u017cego. Na cmentarzu zostanie odprawiony r\u00f3\u017caniec za zmar\u0142ych. Od po\u0142udnia Uroczysto\u015bci Wszystkich \u015awi\u0119tych i przez ca\u0142y Dzie\u0144 Zaduszny w ko\u015bciele mo\u017cna zyska\u0107 odpust zupe\u0142ny, a od 1 do 8 listopada tak\u017ce na cmentarzu pod zwyk\u0142ymi warunkami: by\u0107 w \u0142asce u\u015bwi\u0119caj\u0105cej, mie\u0107 intencj\u0119 zyskania odpustu za kogo\u015b zmar\u0142ego, w nawiedzanym ko\u015bciele nale\u017cy odm\u00f3wi\u0107 \u201eOjcze nasz\u201d i \u201eWierz\u0119 w Boga\u201d, nast\u0119pnie modlitw\u0119 w intencjach Ojca \u015bw. oraz wyzby\u0107 si\u0119 przywi\u0105zania do jakiegokolwiek grzechu. Ten odpust, kt\u00f3ry mo\u017cna zyska\u0107 1 raz na dzie\u0144 ofiarujmy za dusze czy\u015b\u0107cowe. Zbi\u00f3rka do puszek na cmentarzu przeznaczona jest na rzecz Seminarium Duchownego w Tarnowie.<\/li>\n\n\n\n<li>W sobot\u0119 Dzie\u0144 Zaduszny &#8211; Wspomnienie Wszystkich Wiernych Zmar\u0142ych. W Dzie\u0144 Zaduszny Msze \u015bw. o godz. 7.00, 10.00 i 16.00. O godz. 15.30 na starym cmentarzu b\u0119d\u0105 wyczytane wypominki oraz modlitwy za zmar\u0142ych. Zapraszamy do wzi\u0119cia udzia\u0142u w tym obrz\u0119dzie.<\/li>\n\n\n\n<li>Msza \u015bw. opr\u00f3cz pi\u0105tku i soboty codziennie rano o godz. 7.00 i po po\u0142udniu o godz. 17-tej. Nabo\u017ce\u0144stwo R\u00f3\u017ca\u0144cowe po Mszy \u015bw. o godz. 17-tej. Zach\u0119camy wszystkich do odmawiania r\u00f3\u017ca\u0144ca w ko\u015bciele i w domu. Prosimy, aby w tym tygodniu Nabo\u017ce\u0144stwo R\u00f3\u017ca\u0144cowe poprowadzi\u0142y: poniedzia\u0142ek R\u00f3\u017ca \u015bw. Faustyny, DSM i klasy 1 i 2, wtorek klasy 3 i 4, \u015brod\u0119 R\u00f3\u017ca \u015bw. Jadwigi Wawelskiej, klasy 5 i 6, czwartek\u00a0 klasa 7 i 8.<\/li>\n\n\n\n<li>Wypominki listopadowe b\u0119d\u0105 czytanie od soboty przed Msz\u0105 \u015bw.<\/li>\n\n\n\n<li>W tym tygodniu prze\u017cywamy pierwszy pi\u0105tek oraz pierwsz\u0105 sobot\u0119 miesi\u0105ca.<\/li>\n\n\n\n<li>Spowied\u017a codziennie przed ka\u017cd\u0105 Msz\u0105 \u015bw. a w czwartek od godz. 16.00. Starajmy si\u0119 jak najliczniej z niej skorzysta\u0107, aby w tych dniach pom\u00f3c duszom czy\u015b\u0107cowym.<\/li>\n\n\n\n<li>W najbli\u017csz\u0105 niedziel\u0119 zmiana tajemnic r\u00f3\u017ca\u0144cowych po Prymarii.<\/li>\n\n\n\n<li>Dzisiaj i 1 listopada Apostolska Grupa M\u0142odzie\u017cowa rozprowadza znicze z kt\u00f3rych doch\u00f3d jest przeznaczony m. in. na dofinansowanie wyjazdu do Medjugorie.<\/li>\n\n\n\n<li>Z naszej wsp\u00f3lnoty do wieczno\u015bci odszed\u0142 + Stanis\u0142aw Opio\u0142a. Pogrzeb b\u0119dzie we wtorek o godz. 15.00.<\/li>\n\n\n\n<li>Przed ko\u015bcio\u0142em polecamy do nabycia: \u201eGo\u015b\u0107 Niedzielny\u201d, \u201eMa\u0142y Go\u015b\u0107 Niedzielny\u201d,\u00a0 \u201eNiedziela\u201d, \u201eTrwajcie w mi\u0142o\u015bci\u201d, \u201ePromyczek Dobra\u201d.<\/li>\n<\/ol>\n","protected":false},"excerpt":{"rendered":"<p>Og\u0142oszenia duszpasterskie 30 Niedziela Zwyk\u0142a \u201eB\u201d- 27.10.2023 r.<\/p>\n","protected":false},"author":1,"featured_media":235,"comment_status":"open","ping_status":"open","sticky":false,"template":"","format":"standard","meta":{"footnotes":""},"categories":[5,1],"tags":[],"_links":{"self":[{"href":"https:\/\/parafiaskrzydlna.pl\/index.php\/wp-json\/wp\/v2\/posts\/2107"}],"collection":[{"href":"https:\/\/parafiaskrzydlna.pl\/index.php\/wp-json\/wp\/v2\/posts"}],"about":[{"href":"https:\/\/parafiaskrzydlna.pl\/index.php\/wp-json\/wp\/v2\/types\/post"}],"author":[{"embeddable":true,"href":"https:\/\/parafiaskrzydlna.pl\/index.php\/wp-json\/wp\/v2\/users\/1"}],"replies":[{"embeddable":true,"href":"https:\/\/parafiaskrzydlna.pl\/index.php\/wp-json\/wp\/v2\/comments?post=2107"}],"version-history":[{"count":1,"href":"https:\/\/parafiaskrzydlna.pl\/index.php\/wp-json\/wp\/v2\/posts\/2107\/revisions"}],"predecessor-version":[{"id":2108,"href":"https:\/\/parafiaskrzydlna.pl\/index.php\/wp-json\/wp\/v2\/posts\/2107\/revisions\/2108"}],"wp:featuredmedia":[{"embeddable":true,"href":"https:\/\/parafiaskrzydlna.pl\/index.php\/wp-json\/wp\/v2\/media\/235"}],"wp:attachment":[{"href":"https:\/\/parafiaskrzydlna.pl\/index.php\/wp-json\/wp\/v2\/media?parent=2107"}],"wp:term":[{"taxonomy":"category","embeddable":true,"href":"https:\/\/parafiaskrzydlna.pl\/index.php\/wp-json\/wp\/v2\/categories?post=2107"},{"taxonomy":"post_tag","embeddable":true,"href":"https:\/\/parafiaskrzydlna.pl\/index.php\/wp-json\/wp\/v2\/tags?post=2107"}],"curies":[{"name":"wp","href":"https:\/\/api.w.org\/{rel}","templated":true}]}}