{"id":1995,"date":"2024-08-05T08:53:36","date_gmt":"2024-08-05T06:53:36","guid":{"rendered":"http:\/\/parafiaskrzydlna.pl\/?p=1995"},"modified":"2024-08-05T08:56:08","modified_gmt":"2024-08-05T06:56:08","slug":"intencje-mszalne-05-11-08-2024-r","status":"publish","type":"post","link":"https:\/\/parafiaskrzydlna.pl\/index.php\/2024\/08\/05\/intencje-mszalne-05-11-08-2024-r\/","title":{"rendered":"Intencje Mszalne 05-11.08.2024 r."},"content":{"rendered":"<p><strong>Intencje Mszalne<\/strong><\/p>\n<p>05-11.08.2024 r.<\/p>\n<table width=\"100%\">\n<tbody>\n<tr>\n<td colspan=\"2\" width=\"100%\"><strong>Poniedzia\u0142ek \u2013 05.08.2024 r.<\/strong><\/td>\n<\/tr>\n<tr>\n<td width=\"9%\"><strong>7.00<\/strong><\/td>\n<td width=\"90%\">+ Antoniego i Zbigniewa Pala z int. najbli\u017cszych<\/td>\n<\/tr>\n<tr>\n<td width=\"9%\"><strong>P.p.<\/strong><\/td>\n<td width=\"90%\">+ Agat\u0119 Pazdur \u2013 Robak z int. Personelu O\u015brodka Zdrowia w Kasinie Wielkiej<\/p>\n<p>+ Agat\u0119 Pazdur \u2013 Robak z int. Kierownika O\u015brodka Zdrowia w Kasinie Wielkiej<\/p>\n<p>+ Agat\u0119 Pazdur \u2013 Robak z int. Paw\u0142a Zelek z Kamionki Ma\u0142ej (x. B)<\/td>\n<\/tr>\n<tr>\n<td colspan=\"2\" width=\"100%\"><strong>Wtorek \u2013 06.08.2024 r.<\/strong><\/td>\n<\/tr>\n<tr>\n<td width=\"9%\"><strong>7.00<\/strong><\/td>\n<td width=\"90%\">W intencji pewnej rodziny &#8211; dzi\u0119kczynna za otrzymane \u0142aski z pro\u015bb\u0105 o b\u0142og. Bo\u017ce<\/td>\n<\/tr>\n<tr>\n<td width=\"9%\"><strong>P.p.<\/strong><\/td>\n<td width=\"90%\">+ Marii Bia\u0142o\u0144 z int. Marii i Krzysztofa Ptak z rodz. z Pod\u0142opienia<\/p>\n<p>+ Marii Bia\u0142o\u0144 z int. Artura \u015aliwy z rodz. ze S\u0142opnic<\/p>\n<p>+ Marii Bia\u0142o\u0144 z int. rodz. Markiewicz (x. B.)<\/td>\n<\/tr>\n<tr>\n<td colspan=\"2\" width=\"100%\"><strong>\u015aroda \u201307.08.2024 r.<\/strong><\/td>\n<\/tr>\n<tr>\n<td width=\"9%\"><strong>7.00<\/strong><\/td>\n<td width=\"90%\">W intencji rodziny Opio\u0142a- dzi\u0119kczynna za otrzymane \u0142aski z pro\u015bb\u0105 o b\u0142og. Bo\u017ce<\/td>\n<\/tr>\n<tr>\n<td width=\"9%\"><strong>18:00<\/strong><\/td>\n<td width=\"90%\">+ Bronis\u0142aw\u0119 i Stanis\u0142awa Stok\u0142osa z int. najbli\u017cszych<\/td>\n<\/tr>\n<tr>\n<td width=\"9%\"><strong>P.p.<\/strong><\/td>\n<td width=\"90%\">+ Heleny Lasyk z int. Dyrektora i nauczycieli Szk. Podst. w \u017bmi\u0105cej<\/p>\n<p>+ Heleny Lasyk z int. Dyrektora i nauczycieli Szk. Podst. w Sechnej<\/p>\n<p>+ Heleny Lasyk z int. Dyrektora i nauczycieli Szk. Podst. w Krosnej<\/td>\n<\/tr>\n<tr>\n<td colspan=\"2\" width=\"100%\"><strong>Czwartek \u2013 08.08.2024 r.<\/strong><\/td>\n<\/tr>\n<tr>\n<td width=\"9%\"><strong>7:00<\/strong><\/td>\n<td width=\"90%\">+ Stefana Ko\u0142aczy\u0144skiego w 10 rocz. \u015bm.<\/td>\n<\/tr>\n<tr>\n<td width=\"9%\"><strong>P.p.<\/strong><\/td>\n<td width=\"90%\">+ Aleksandra Pazdura z int. Jolanty P\u0142oskonka z rodz.<\/p>\n<p>+ Aleksandra Pazdura z int. Mariusza Pazdura z rodz.<\/p>\n<p>+ Aleksandra Pazdura z int. Marii i Adama Wrzecionek z Kasiny Wielkiej (x. B.<\/td>\n<\/tr>\n<tr>\n<td colspan=\"2\" width=\"100%\"><strong>Pi\u0105tek \u2013 09.08.2024 r.<\/strong><\/td>\n<\/tr>\n<tr>\n<td width=\"9%\"><strong>7:00<\/strong><\/td>\n<td width=\"90%\">+ Emila Gocala z ok. im. z int. syna Ludwika<\/td>\n<\/tr>\n<tr>\n<td width=\"9%\"><strong>18:00<\/strong><\/td>\n<td width=\"90%\">Dzi\u0119kczynno \u2013 b\u0142agalna w 10 rocz. \u015blubu Marcina i Natalii<\/td>\n<\/tr>\n<tr>\n<td width=\"9%\"><strong>P.p.<\/strong><\/td>\n<td width=\"90%\">+ Rozalii Smaga z int.\u00a0 Jadwigi i Stefana \u017bab\u00f3wka ze Str\u00f3\u017cy<\/p>\n<p>+ Rozalii Smaga z int. Marii i Macieja Lach z dzie\u0107mi z Por\u0105bki<\/td>\n<\/tr>\n<tr>\n<td colspan=\"2\" width=\"100%\"><strong>Sobota \u2013 10.08.2024 r.<\/strong><\/td>\n<\/tr>\n<tr>\n<td width=\"9%\"><strong>7:00<\/strong><\/td>\n<td width=\"90%\">+ Mari\u0119 Pazdur w 15 rocz. \u015bm. z int. najbli\u017cszych<\/td>\n<\/tr>\n<tr>\n<td width=\"9%\"><strong>P.p.<\/strong><\/td>\n<td width=\"90%\">+ Krzysztofa Kozy z int. El\u017cbiety Zabiega\u0142owskiej z rodz.<\/p>\n<p>+ Krzysztofa Kozy z int. kuzynki Jadwigi z m\u0119\u017cem Andrzejem<\/p>\n<p>+ Krzysztofa Kozy z int. Pauliny i Waldemara Matykiewicz (x. B)<\/td>\n<\/tr>\n<tr>\n<td colspan=\"2\" width=\"100%\"><strong>Niedziela \u2013 11.08.2024 r.<\/strong><\/td>\n<\/tr>\n<tr>\n<td width=\"9%\"><strong>7.30<\/strong><\/td>\n<td width=\"90%\">+ Franciszka Hanul\u0119<\/td>\n<\/tr>\n<tr>\n<td width=\"9%\"><strong>10:00<\/strong><\/td>\n<td width=\"90%\">W int. parafian<\/td>\n<\/tr>\n<tr>\n<td width=\"9%\"><strong>16:00<\/strong><\/td>\n<td width=\"90%\">+ Zygmunta Czuchro w 17 rocz. \u015bm. + \u017con\u0119 Helen\u0119 z int. najbli\u017cszych<\/td>\n<\/tr>\n<tr>\n<td width=\"9%\"><strong>P.p<\/strong><\/td>\n<td width=\"90%\">+ Marii Wi\u0119c\u0142awek z int. Aleksandry \u015aliwa ze Str\u00f3\u017cy<\/p>\n<p>+ Marii Wi\u0119c\u0142awek z int. Janiny i Henryka Wi\u0119c\u0142awek<\/td>\n<\/tr>\n<\/tbody>\n<\/table>\n<p><strong>\u00a0<\/strong><\/p>\n","protected":false},"excerpt":{"rendered":"<p>Intencje Mszalne 05-11.08.2024 r. Poniedzia\u0142ek \u2013 05.08.2024 r. 7.00 + Antoniego i Zbigniewa Pala z int. najbli\u017cszych P.p. + Agat\u0119 Pazdur \u2013 Robak z int. Personelu O\u015brodka Zdrowia w Kasinie Wielkiej + Agat\u0119 Pazdur&#46;&#46;&#46;<\/p>\n","protected":false},"author":1,"featured_media":276,"comment_status":"open","ping_status":"open","sticky":false,"template":"","format":"standard","meta":{"footnotes":""},"categories":[4,1],"tags":[],"_links":{"self":[{"href":"https:\/\/parafiaskrzydlna.pl\/index.php\/wp-json\/wp\/v2\/posts\/1995"}],"collection":[{"href":"https:\/\/parafiaskrzydlna.pl\/index.php\/wp-json\/wp\/v2\/posts"}],"about":[{"href":"https:\/\/parafiaskrzydlna.pl\/index.php\/wp-json\/wp\/v2\/types\/post"}],"author":[{"embeddable":true,"href":"https:\/\/parafiaskrzydlna.pl\/index.php\/wp-json\/wp\/v2\/users\/1"}],"replies":[{"embeddable":true,"href":"https:\/\/parafiaskrzydlna.pl\/index.php\/wp-json\/wp\/v2\/comments?post=1995"}],"version-history":[{"count":1,"href":"https:\/\/parafiaskrzydlna.pl\/index.php\/wp-json\/wp\/v2\/posts\/1995\/revisions"}],"predecessor-version":[{"id":1998,"href":"https:\/\/parafiaskrzydlna.pl\/index.php\/wp-json\/wp\/v2\/posts\/1995\/revisions\/1998"}],"wp:featuredmedia":[{"embeddable":true,"href":"https:\/\/parafiaskrzydlna.pl\/index.php\/wp-json\/wp\/v2\/media\/276"}],"wp:attachment":[{"href":"https:\/\/parafiaskrzydlna.pl\/index.php\/wp-json\/wp\/v2\/media?parent=1995"}],"wp:term":[{"taxonomy":"category","embeddable":true,"href":"https:\/\/parafiaskrzydlna.pl\/index.php\/wp-json\/wp\/v2\/categories?post=1995"},{"taxonomy":"post_tag","embeddable":true,"href":"https:\/\/parafiaskrzydlna.pl\/index.php\/wp-json\/wp\/v2\/tags?post=1995"}],"curies":[{"name":"wp","href":"https:\/\/api.w.org\/{rel}","templated":true}]}}