{"id":1983,"date":"2024-07-20T11:12:39","date_gmt":"2024-07-20T09:12:39","guid":{"rendered":"https:\/\/parafiaskrzydlna.pl\/?p=1983"},"modified":"2024-07-20T11:12:40","modified_gmt":"2024-07-20T09:12:40","slug":"intencje-mszalne-22-28-07-2024-r","status":"publish","type":"post","link":"https:\/\/parafiaskrzydlna.pl\/index.php\/2024\/07\/20\/intencje-mszalne-22-28-07-2024-r\/","title":{"rendered":"Intencje Mszalne 22-28.07.2024 r."},"content":{"rendered":"<p style=\"text-align: center;\">\n<table class=\" aligncenter\" width=\"100%\">\n<tbody>\n<tr>\n<td colspan=\"2\" width=\"100%\"><strong>Poniedzia\u0142ek \u2013 22.07.2024 r.<\/strong><\/td>\n<\/tr>\n<tr>\n<td width=\"9%\"><strong>7.00<\/strong><\/td>\n<td width=\"90%\">+Czes\u0142aw\u0119 Opio\u0142\u0119 z ok. im., +Stanis\u0142awa<\/td>\n<\/tr>\n<tr>\n<td width=\"9%\"><strong>P.p.<\/strong><\/td>\n<td width=\"90%\">+Helen\u0119 Pazdur z int. Izabeli i Mateusza Smoter<\/p>\n<p>+Helen\u0119 Pazdur z int. Agaty i Marka Kurczab<\/p>\n<p>+Helen\u0119 Pazdur z int. Gra\u017cyny i Ludwika Gocal (x. P.)<\/p>\n<p>+Helen\u0119 Pazdur z int. Krystyny Nawie\u015bniak<\/td>\n<\/tr>\n<tr>\n<td colspan=\"2\" width=\"100%\"><strong>Wtorek \u2013 23.07.2024 r.<\/strong><\/td>\n<\/tr>\n<tr>\n<td width=\"9%\"><strong>7.00<\/strong><\/td>\n<td width=\"90%\">+Jana i Kazimier\u0119 Bia\u0142o\u0144 w 32 r. \u015bm. Jana<\/td>\n<\/tr>\n<tr>\n<td width=\"9%\"><strong>P.p.<\/strong><\/td>\n<td width=\"90%\">+Stanis\u0142awa Kopytka z int. Jolanty i Romana Piwko z rodz.<\/p>\n<p>+Stanis\u0142awa Kopytka z int. bratowej z Zakopanego z synem<\/p>\n<p>+Stanis\u0142awa Kopytka z int. kuzyna Stanis\u0142awa Wrony z rodz. (x. P. )<\/p>\n<p>+Stanis\u0142awa Kopytka z int. J\u00f3zefy \u015amierciak z Przyszowej<\/td>\n<\/tr>\n<tr>\n<td colspan=\"2\" width=\"100%\"><strong>\u015aroda \u201324.07.2024 r.<\/strong><\/td>\n<\/tr>\n<tr>\n<td width=\"9%\"><strong>7.00<\/strong><\/td>\n<td width=\"90%\">+Jana Knapczyka w 39 r. \u015bm.<\/td>\n<\/tr>\n<tr>\n<td width=\"9%\"><strong>18:00<\/strong><\/td>\n<td width=\"90%\">+J\u00f3zef\u0119 i Ignacego Murzyn z\u00a0 int. c\u00f3rki Heleny<\/td>\n<\/tr>\n<tr>\n<td width=\"9%\"><strong>P.p.<\/strong><\/td>\n<td width=\"90%\">+Helen\u0119 Morajko z int. Franciszka i Joanny Twar\u00f3g<\/p>\n<p>+Helen\u0119 Morajko z int. Janiny i Stanis\u0142awa Skowronek z Woli Skrzydla\u0144skiej<\/p>\n<p>+Helen\u0119 Morajko z int. Stanis\u0142awa i Jana Zaj\u0105c z Wierzbanowej<\/p>\n<p>+Helen\u0119 Morajko z int. Stanis\u0142awa i Jana Zaj\u0105c z Wierzbanowej<\/td>\n<\/tr>\n<tr>\n<td colspan=\"2\" width=\"100%\"><strong>Czwartek \u2013 25.07.2024 r.<\/strong><\/td>\n<\/tr>\n<tr>\n<td width=\"9%\"><strong>7:00<\/strong><\/td>\n<td width=\"90%\">+Juliana Krausa w 1 r. \u015bm. z int. najbli\u017cszych<\/td>\n<\/tr>\n<tr>\n<td width=\"9%\"><strong>P.p.<\/strong><\/td>\n<td width=\"90%\">+Mari\u0119 Wiec\u0142awek z int. Danuty i W\u0142adys\u0142awa Kurczab<\/p>\n<p>+Mari\u0119 Wiec\u0142awek z int. so\u0142tys\u00f3w z Gminy Jod\u0142ownik<\/p>\n<p>+Mari\u0119 Wiec\u0142awek z int. w\u00f3jta i Rady Gminy Jod\u0142ownik(x. P.)<\/p>\n<p>+Mari\u0119 Wiec\u0142awek z int. w\u00f3jta i pracownik\u00f3w Gminy Jod\u0142ownik<\/td>\n<\/tr>\n<tr>\n<td colspan=\"2\" width=\"100%\"><strong>Pi\u0105tek \u2013 26.07.2024 r.<\/strong><\/td>\n<\/tr>\n<tr>\n<td width=\"9%\"><strong>7:00<\/strong><\/td>\n<td width=\"90%\">+Ann\u0119 i Antoniego Pazdur<\/td>\n<\/tr>\n<tr>\n<td width=\"9%\"><strong>18:00<\/strong><\/td>\n<td width=\"90%\">Dz. b\u0142. w int. R\u00f3\u017cy \u015bw. Kingi z podz. i pr. o b\u0142. Bo\u017ce, Op. M. B. i zdrowie dla cz\u0142onki\u0144 R\u00f3\u017cy i ich rodzin<\/td>\n<\/tr>\n<tr>\n<td width=\"9%\"><strong>P.p.<\/strong><\/td>\n<td width=\"90%\">+Rozali\u0119 Smag\u0119 z int. Andrzeja i Gra\u017cyny Lach z rodz.<\/p>\n<p>+Rozali\u0119 Smag\u0119 z int. Sabiny i Marka Tomera z rodz.<\/p>\n<p>+Rozali\u0119 Smag\u0119 z int. Marii i Jana Mi\u015bkowiec z rodz.<\/p>\n<p>+Rozali\u0119 Smag\u0119 z int. Danuty i Krzysztofa Trz\u00f3pek z rodz.<\/td>\n<\/tr>\n<tr>\n<td colspan=\"2\" width=\"100%\"><strong>Sobota \u2013 27.07.2024 r.<\/strong><\/td>\n<\/tr>\n<tr>\n<td width=\"9%\"><strong>7:00<\/strong><\/td>\n<td width=\"90%\">+Ann\u0119 Balakiewicz z ok. im. z int. c\u00f3rki Ewy z rodz.<\/td>\n<\/tr>\n<tr>\n<td width=\"9%\"><strong>P.p.<\/strong><\/td>\n<td width=\"90%\">+Krzysztofa Koz\u0119 z int. Adama i Justyny Bia\u0142o\u0144 z rodz.<\/p>\n<p>+Krzysztofa Koz\u0119 z int. rodziny Jolanty Bia\u0142o\u0144<\/p>\n<p>+Krzysztofa Koz\u0119 z int. Iwony i Joi z Kasinki Ma\u0142ej i Marii z Much\u00f3wki (x. P. )<\/p>\n<p>+Krzysztofa Koz\u0119 z int. rodz. Duchnik ze Skrzydlnej<\/td>\n<\/tr>\n<tr>\n<td colspan=\"2\" width=\"100%\"><strong>Niedziela \u2013 28.07.2024 r.<\/strong><\/td>\n<\/tr>\n<tr>\n<td width=\"9%\"><strong>7.30<\/strong><\/td>\n<td width=\"90%\">+Andrzeja Piwko w 1 r. \u015bm. z int. najbli\u017cszych<\/td>\n<\/tr>\n<tr>\n<td width=\"9%\"><strong>10:00<\/strong><\/td>\n<td width=\"90%\">W int. Parafii<\/p>\n<p>Dz. b\u0142. w int. R\u00f3\u017cy \u015bw. Anny z podz. i pr. o b\u0142. Bo\u017ce, Op. M. B. i zdr. dla cz\u0142onki\u0144 R\u00f3\u017cy i ich rodzin<\/td>\n<\/tr>\n<tr>\n<td width=\"9%\"><strong>16:00<\/strong><\/td>\n<td width=\"90%\">+Tomasza Cygala w 10 r. \u015bm. z int. mamy z rodz.<\/td>\n<\/tr>\n<tr>\n<td width=\"9%\"><strong>P.p<\/strong><\/td>\n<td width=\"90%\">+Andrzeja Piwko z int. Agnieszko i Adama Malec z dzie\u0107mi<\/p>\n<p>+Andrzeja Piwko z int. Katarzyny i Artura Malec z dzie\u0107mi<\/p>\n<p>+Andrzeja Piwko z int. Haliny i Kazimierza Nowak z rodz.<\/p>\n<p>+Andrzeja Piwko z int. Teresy W\u00f3jtowicz<\/td>\n<\/tr>\n<\/tbody>\n<\/table>\n<p style=\"text-align: center;\"><strong>Poza Parafi\u0119 zosta\u0142y przekazane pozosta\u0142e intencje pogrzebowe za \u015bp. Mari\u0119 Michorczyk i \u015bp. Andrzeja Piwko. Wykaz przekazanych intencji jest umieszczony na tablicy og\u0142osze\u0144.<\/strong><\/p>\n","protected":false},"excerpt":{"rendered":"<p>Poniedzia\u0142ek \u2013 22.07.2024 r. 7.00 +Czes\u0142aw\u0119 Opio\u0142\u0119 z ok. im., +Stanis\u0142awa P.p. +Helen\u0119 Pazdur z int. Izabeli i Mateusza Smoter +Helen\u0119 Pazdur z int. Agaty i Marka Kurczab +Helen\u0119 Pazdur z int. Gra\u017cyny i&#46;&#46;&#46;<\/p>\n","protected":false},"author":1,"featured_media":276,"comment_status":"open","ping_status":"open","sticky":false,"template":"","format":"standard","meta":{"footnotes":""},"categories":[4,1],"tags":[],"_links":{"self":[{"href":"https:\/\/parafiaskrzydlna.pl\/index.php\/wp-json\/wp\/v2\/posts\/1983"}],"collection":[{"href":"https:\/\/parafiaskrzydlna.pl\/index.php\/wp-json\/wp\/v2\/posts"}],"about":[{"href":"https:\/\/parafiaskrzydlna.pl\/index.php\/wp-json\/wp\/v2\/types\/post"}],"author":[{"embeddable":true,"href":"https:\/\/parafiaskrzydlna.pl\/index.php\/wp-json\/wp\/v2\/users\/1"}],"replies":[{"embeddable":true,"href":"https:\/\/parafiaskrzydlna.pl\/index.php\/wp-json\/wp\/v2\/comments?post=1983"}],"version-history":[{"count":1,"href":"https:\/\/parafiaskrzydlna.pl\/index.php\/wp-json\/wp\/v2\/posts\/1983\/revisions"}],"predecessor-version":[{"id":1984,"href":"https:\/\/parafiaskrzydlna.pl\/index.php\/wp-json\/wp\/v2\/posts\/1983\/revisions\/1984"}],"wp:featuredmedia":[{"embeddable":true,"href":"https:\/\/parafiaskrzydlna.pl\/index.php\/wp-json\/wp\/v2\/media\/276"}],"wp:attachment":[{"href":"https:\/\/parafiaskrzydlna.pl\/index.php\/wp-json\/wp\/v2\/media?parent=1983"}],"wp:term":[{"taxonomy":"category","embeddable":true,"href":"https:\/\/parafiaskrzydlna.pl\/index.php\/wp-json\/wp\/v2\/categories?post=1983"},{"taxonomy":"post_tag","embeddable":true,"href":"https:\/\/parafiaskrzydlna.pl\/index.php\/wp-json\/wp\/v2\/tags?post=1983"}],"curies":[{"name":"wp","href":"https:\/\/api.w.org\/{rel}","templated":true}]}}