{"id":1872,"date":"2024-05-06T04:04:40","date_gmt":"2024-05-06T02:04:40","guid":{"rendered":"https:\/\/parafiaskrzydlna.pl\/?p=1872"},"modified":"2024-05-07T12:31:41","modified_gmt":"2024-05-07T10:31:41","slug":"intencje-mszalne-06-12-05-2024-r","status":"publish","type":"post","link":"https:\/\/parafiaskrzydlna.pl\/index.php\/2024\/05\/06\/intencje-mszalne-06-12-05-2024-r\/","title":{"rendered":"Intencje Mszalne 06-12.05.2024 r."},"content":{"rendered":"<table width=\"94%\">\n<tbody>\n<tr>\n<td colspan=\"2\" width=\"100%\"><strong>Poniedzia\u0142ek \u2013 06.05.2024 r.<\/strong><\/td>\n<\/tr>\n<tr>\n<td width=\"9%\"><strong>7.00<\/strong><\/td>\n<td width=\"90%\">+Bronis\u0142awa Pazdura w 2 r. \u015bm., +\u017con\u0119 Mari\u0119 z int. najbli\u017cszych<\/td>\n<\/tr>\n<tr>\n<td width=\"9%\"><strong>18:00<\/strong><\/td>\n<td width=\"90%\">+Bronis\u0142awa Pazdura w 2 r. \u015bm., +\u017con\u0119 Mari\u0119<\/td>\n<\/tr>\n<tr>\n<td width=\"9%\"><strong>P.p.<\/strong><\/td>\n<td width=\"90%\">+Mari\u0119 Michorczyk z int. rodz. Galic\u00f3w<\/p>\n<p>+Mari\u0119 Michorczyk z int. Roberta i Ewy Nowak<\/td>\n<\/tr>\n<tr>\n<td colspan=\"2\" width=\"100%\"><strong>Wtorek \u2013 07.05.2024 r.<\/strong><\/td>\n<\/tr>\n<tr>\n<td width=\"9%\"><strong>7.00<\/strong><\/td>\n<td width=\"90%\">O szcz\u0119\u015bliwe zdanie egzamin\u00f3w i Opiek\u0119 Matki Bo\u017cej dla wnuczki Martyny z int. dziadk\u00f3w z rodz.<\/td>\n<\/tr>\n<tr>\n<td width=\"9%\"><strong>18:00<\/strong><\/td>\n<td width=\"90%\">Dz. b\u0142. w int. uczestnik\u00f3w maj\u00f3wek przy kapliczce na \u0141ugowinie z pr. o b\u0142. Bo\u017ce i Op. M. B. i zdr. w rodzinach<\/td>\n<\/tr>\n<tr>\n<td width=\"9%\"><strong>P.p.<\/strong><\/td>\n<td width=\"90%\">+Marka K\u0105ckiego z int. s\u0105siad\u00f3w Janiny i Krzysztofa Wo\u017aniczka<\/p>\n<p>+Marka K\u0105ckiego z int. rodz. Skowronk\u00f3w<\/td>\n<\/tr>\n<tr>\n<td colspan=\"2\" width=\"100%\"><strong>\u015aroda \u2013 08.05.2024 r.<\/strong><\/td>\n<\/tr>\n<tr>\n<td width=\"9%\"><strong>7.00<\/strong><\/td>\n<td width=\"90%\">+Stanis\u0142awa G\u0105siora z ok. im. z int. najbli\u017cszych<\/td>\n<\/tr>\n<tr>\n<td width=\"9%\"><strong>18:00<\/strong><\/td>\n<td width=\"90%\">+Stanis\u0142awa Rokosza z int. najbli\u017cszych<\/p>\n<p>+Kazimierza Pazdana w 7 dz. po \u015bm. z int. brata J\u00f3zefa z \u017con\u0105<\/td>\n<\/tr>\n<tr>\n<td width=\"9%\"><strong>P.p.<\/strong><\/td>\n<td width=\"90%\">+J\u00f3zef\u0119 Puto z int. wnuka Tomka i Marii<\/p>\n<p>+J\u00f3zef\u0119 Puto z int. wnuka Krzysztofa i Natalii<\/td>\n<\/tr>\n<tr>\n<td colspan=\"2\" width=\"100%\"><strong>Czwartek \u2013 09.05.2024 r.<\/strong><\/td>\n<\/tr>\n<tr>\n<td width=\"9%\"><strong>7:00<\/strong><\/td>\n<td width=\"90%\">+Stanis\u0142awa Zaj\u0105ca z ok. im. z int. c\u00f3rki z rodz.<\/td>\n<\/tr>\n<tr>\n<td width=\"9%\"><strong>18:00<\/strong><\/td>\n<td width=\"90%\">Dz. b\u0142. w int. uczestnik\u00f3w maj\u00f3wek przy kapliczce na Potokach z pr. o b\u0142. Bo\u017ce i Op. M. B. i zdr. w rodzinach<\/td>\n<\/tr>\n<tr>\n<td width=\"9%\"><strong>P.p.<\/strong><\/td>\n<td width=\"90%\">+Andrzeja Piwko z int. Marii i J\u00f3zefa Trz\u00f3pek<\/p>\n<p>+Andrzeja Piwko z int. s\u0105siad\u00f3w Ewy i Krzysztofa Pazdur<\/td>\n<\/tr>\n<tr>\n<td colspan=\"2\" width=\"100%\"><strong>Pi\u0105tek \u2013 10.05.2024 r.<\/strong><\/td>\n<\/tr>\n<tr>\n<td width=\"9%\"><strong>7:00<\/strong><\/td>\n<td width=\"90%\">+Stanis\u0142awa \u017burowskiego z ok. im., ++rodzic\u00f3w z int. syna Tadeusza z rodz.<\/td>\n<\/tr>\n<tr>\n<td width=\"9%\"><strong>18:00<\/strong><\/td>\n<td width=\"90%\">+El\u017cbiet\u0119 Pazdur w 30 r. \u015bm.<\/td>\n<\/tr>\n<tr>\n<td width=\"9%\"><strong>P.p.<\/strong><\/td>\n<td width=\"90%\">+Zofi\u0119 Szpilk\u0119 z int. prawnuczki Julii i Oliwiera<\/p>\n<p>+Zofi\u0119 Szpilk\u0119 z int. chrze\u015bnicy Aleksandry Stru\u017cyna z rodz.<\/td>\n<\/tr>\n<tr>\n<td colspan=\"2\" width=\"100%\"><strong>Sobota \u2013 11.05.2024 r.<\/strong><\/td>\n<\/tr>\n<tr>\n<td width=\"9%\"><strong>7:00<\/strong><\/td>\n<td width=\"90%\">+Czes\u0142aw\u0119 i Stanis\u0142awa Opio\u0142a z ok. im.<\/td>\n<\/tr>\n<tr>\n<td width=\"9%\"><strong>18:00<\/strong><\/td>\n<td width=\"90%\">+Jana Pazdura z int. Haliny i Andrzeja Zaj\u0105c<\/td>\n<\/tr>\n<tr>\n<td width=\"9%\"><strong>P.p.<\/strong><\/td>\n<td width=\"90%\">+Jana Pazdura z int. Grzegorza i Joanny \u017burowskich<\/p>\n<p>+Jana Pazdura z int. Krzysztofa Jarosza z rodz.<\/td>\n<\/tr>\n<tr>\n<td colspan=\"2\" width=\"100%\"><strong>Niedziela \u2013 12.05.2024 r.<\/strong><\/td>\n<\/tr>\n<tr>\n<td width=\"9%\"><strong>7.00<\/strong><\/td>\n<td width=\"90%\">+Jana i Janin\u0119 Sarka, +c\u00f3rk\u0119 Aleksandr\u0119 w r. \u015bm., ++rodzic\u00f3w z int. c\u00f3rki<\/td>\n<\/tr>\n<tr>\n<td width=\"9%\"><strong>9:00<\/strong><\/td>\n<td width=\"90%\">+Zofi\u0119 Nowak, +Ann\u0119 i Franciszka Jarosz, +Mari\u0119 Szynkur\u0119<\/td>\n<\/tr>\n<tr>\n<td width=\"9%\"><strong>11:00<\/strong><\/td>\n<td width=\"90%\">Dz. b\u0142. w int. dzieci przyst\u0119puj\u0105cych do I Komunii \u015bw.<\/td>\n<\/tr>\n<tr>\n<td width=\"9%\"><strong>16:00<\/strong><\/td>\n<td width=\"90%\">+Stanis\u0142awa Bogda\u0142a, +jego rodzic\u00f3w w 15 r. \u015bm. z int. najbli\u017cszych<\/td>\n<\/tr>\n<tr>\n<td width=\"9%\"><strong>P.p<\/strong><\/td>\n<td width=\"90%\">+Michalin\u0119 Bugajsk\u0105 z int. wnuczki Kamili z rodz.<\/p>\n<p>+Michalin\u0119 Bugajsk\u0105 z int. Artura Kaczmarczyka<\/td>\n<\/tr>\n<\/tbody>\n<\/table>\n<p><strong>\u00a0 \u00a0 \u00a0 \u00a0\u00a0<\/strong><\/p>\n<p><strong>1-30.05.2024 r. +<u>J\u00f3zef\u0119 Puto<\/u> (greg.) z int. pogrzeb.<\/strong><\/p>\n","protected":false},"excerpt":{"rendered":"<p>Poniedzia\u0142ek \u2013 06.05.2024 r. 7.00 +Bronis\u0142awa Pazdura w 2 r. \u015bm., +\u017con\u0119 Mari\u0119 z int. najbli\u017cszych 18:00 +Bronis\u0142awa Pazdura w 2 r. \u015bm., +\u017con\u0119 Mari\u0119 P.p. +Mari\u0119 Michorczyk z int. rodz. Galic\u00f3w +Mari\u0119 Michorczyk&#46;&#46;&#46;<\/p>\n","protected":false},"author":1,"featured_media":276,"comment_status":"open","ping_status":"open","sticky":false,"template":"","format":"standard","meta":{"footnotes":""},"categories":[4,1],"tags":[],"_links":{"self":[{"href":"https:\/\/parafiaskrzydlna.pl\/index.php\/wp-json\/wp\/v2\/posts\/1872"}],"collection":[{"href":"https:\/\/parafiaskrzydlna.pl\/index.php\/wp-json\/wp\/v2\/posts"}],"about":[{"href":"https:\/\/parafiaskrzydlna.pl\/index.php\/wp-json\/wp\/v2\/types\/post"}],"author":[{"embeddable":true,"href":"https:\/\/parafiaskrzydlna.pl\/index.php\/wp-json\/wp\/v2\/users\/1"}],"replies":[{"embeddable":true,"href":"https:\/\/parafiaskrzydlna.pl\/index.php\/wp-json\/wp\/v2\/comments?post=1872"}],"version-history":[{"count":2,"href":"https:\/\/parafiaskrzydlna.pl\/index.php\/wp-json\/wp\/v2\/posts\/1872\/revisions"}],"predecessor-version":[{"id":1877,"href":"https:\/\/parafiaskrzydlna.pl\/index.php\/wp-json\/wp\/v2\/posts\/1872\/revisions\/1877"}],"wp:featuredmedia":[{"embeddable":true,"href":"https:\/\/parafiaskrzydlna.pl\/index.php\/wp-json\/wp\/v2\/media\/276"}],"wp:attachment":[{"href":"https:\/\/parafiaskrzydlna.pl\/index.php\/wp-json\/wp\/v2\/media?parent=1872"}],"wp:term":[{"taxonomy":"category","embeddable":true,"href":"https:\/\/parafiaskrzydlna.pl\/index.php\/wp-json\/wp\/v2\/categories?post=1872"},{"taxonomy":"post_tag","embeddable":true,"href":"https:\/\/parafiaskrzydlna.pl\/index.php\/wp-json\/wp\/v2\/tags?post=1872"}],"curies":[{"name":"wp","href":"https:\/\/api.w.org\/{rel}","templated":true}]}}