{"id":1866,"date":"2024-04-27T19:18:41","date_gmt":"2024-04-27T17:18:41","guid":{"rendered":"https:\/\/parafiaskrzydlna.pl\/?p=1866"},"modified":"2024-04-28T08:44:04","modified_gmt":"2024-04-28T06:44:04","slug":"intencje-mszalne-29-04-05-05-2024-r","status":"publish","type":"post","link":"https:\/\/parafiaskrzydlna.pl\/index.php\/2024\/04\/27\/intencje-mszalne-29-04-05-05-2024-r\/","title":{"rendered":"Intencje Mszalne 29.04-05.05.2024 r."},"content":{"rendered":"<table width=\"94%\">\n<tbody>\n<tr>\n<td colspan=\"2\" width=\"100%\"><strong>Poniedzia\u0142ek \u2013 29.04.2024 r.<\/strong><\/td>\n<\/tr>\n<tr>\n<td width=\"9%\"><strong>7.00<\/strong><\/td>\n<td width=\"90%\">+Katarzyn\u0119, J\u00f3zefa i Mariana Bywalec<\/p>\n<p>+Marka K\u0105ckiego w 7 dz. po \u015bm. z int. najbli\u017cszej rodz.<\/td>\n<\/tr>\n<tr>\n<td width=\"9%\"><strong>P.p.<\/strong><\/td>\n<td width=\"90%\">+Marka K\u0105ckiego z int. rodz. Kuczaj z Przenoszy<\/p>\n<p>+Marka K\u0105ckiego z int. Marii Zaj\u0105c z rodz.<\/p>\n<p>+Marka K\u0105ckiego z int. Gra\u017cyny i Tomasza Krupi\u0144skich<\/td>\n<\/tr>\n<tr>\n<td colspan=\"2\" width=\"100%\"><strong>Wtorek \u2013 30.04.2024 r.<\/strong><\/td>\n<\/tr>\n<tr>\n<td width=\"9%\"><strong>7.00<\/strong><\/td>\n<td width=\"90%\">+Jana Pazdura z int. Danuty Ha\u015bnik<\/p>\n<p>+J\u00f3zef\u0119 Puto w 30 dz. po \u015bm. z int. c\u00f3rki Janiny z m\u0119\u017cem<\/td>\n<\/tr>\n<tr>\n<td width=\"9%\"><strong>P.p.<\/strong><\/td>\n<td width=\"90%\">+Jana Pazdura z int. rodz. Zaj\u0105c\u00f3w z \u0141ugowiny<\/p>\n<p>+Jana Pazdura z int. Tadeusza i Marii \u017burowskich<\/p>\n<p>+Jana Pazdura z int. Zarz\u0105du i pracownik\u00f3w CECHU Rzemios\u0142a i Przedsi\u0119biorczo\u015bci w Limanowej<\/td>\n<\/tr>\n<tr>\n<td colspan=\"2\" width=\"100%\"><strong>\u015aroda \u2013 01.05.2024 r.<\/strong><\/td>\n<\/tr>\n<tr>\n<td width=\"9%\"><strong>7.00<\/strong><\/td>\n<td width=\"90%\">Dz. b\u0142. w in. Moniki Le\u015bniak z ok. ur.<\/td>\n<\/tr>\n<tr>\n<td width=\"9%\"><strong>18:00<\/strong><\/td>\n<td width=\"90%\">+Helen\u0119 Wo\u017aniczk\u0119, +m\u0119\u017ca Mieczys\u0142awa, +syna Stanis\u0142awa z int. najbli\u017cszych<\/td>\n<\/tr>\n<tr>\n<td width=\"9%\"><strong>P.p.<\/strong><\/td>\n<td width=\"90%\">+Janin\u0119 Le\u015bniak z int. s\u0105siad\u00f3w Anny i Romana Knapczyk<\/p>\n<p>+Janin\u0119 Le\u015bniak z int. rodz. Kalet\u00f3w z Woli Skrzydla\u0144skiej<\/td>\n<\/tr>\n<tr>\n<td colspan=\"2\" width=\"100%\"><strong>Czwartek \u2013 02.05.2024 r.<\/strong><\/td>\n<\/tr>\n<tr>\n<td width=\"9%\"><strong>7:00<\/strong><\/td>\n<td width=\"90%\">Za konaj\u0105cych<\/td>\n<\/tr>\n<tr>\n<td width=\"9%\"><strong>18:00<\/strong><\/td>\n<td width=\"90%\">Dz. b\u0142. w int. pewnych rodzin z podz. za otrz. \u0142aski i z pr. o b\u0142. Bo\u017ce, op. M. B. i zachowanie od wszelkich nieszcz\u0119\u015b\u0107<\/td>\n<\/tr>\n<tr>\n<td width=\"9%\"><strong>P.p.<\/strong><\/td>\n<td width=\"90%\">+Helen\u0119 Lasyk z int. Teresy i Stanis\u0142awa Lulek z rodz.<\/p>\n<p>+Helen\u0119 Lasyk z int. Teresy i Andrzeja Romanowicz z c\u00f3rkami<\/td>\n<\/tr>\n<tr>\n<td colspan=\"2\" width=\"100%\"><strong>Pi\u0105tek \u2013 03.05.2024 r.<\/strong><\/td>\n<\/tr>\n<tr>\n<td width=\"9%\"><strong>7:00<\/strong><\/td>\n<td width=\"90%\">+Ann\u0119 Balakiewicz w 1 r. \u015bm.<\/td>\n<\/tr>\n<tr>\n<td width=\"9%\"><strong>10:00<\/strong><\/td>\n<td width=\"90%\">Dz. b\u0142. w int. OSP Skrzydlna z ok. Patrona \u015bw. Floriana z pr. o b\u0142. Bo\u017ce i Op. M. B.<\/td>\n<\/tr>\n<tr>\n<td width=\"9%\"><strong>18:00<\/strong><\/td>\n<td width=\"90%\">+Ann\u0119 i J\u00f3zefa Widomskich, +rodzic\u00f3w: Mari\u0119 i Jana<\/td>\n<\/tr>\n<tr>\n<td width=\"9%\"><strong>P.p.<\/strong><\/td>\n<td width=\"90%\">+Ann\u0119 Balakiewicz z int. pracownik\u00f3w sklepu Biedronka<\/p>\n<p>+Ann\u0119 Balakiewicz z int. pracownik\u00f3w sklepu Biedronka<\/td>\n<\/tr>\n<tr>\n<td colspan=\"2\" width=\"100%\"><strong>Sobota \u2013 04.05.2024 r.<\/strong><\/td>\n<\/tr>\n<tr>\n<td width=\"9%\"><strong>7:00<\/strong><\/td>\n<td width=\"90%\">Dusze czy\u015b\u0107cowe<\/td>\n<\/tr>\n<tr>\n<td width=\"9%\"><strong>18:00<\/strong><\/td>\n<td width=\"90%\">+Antonin\u0119 i Ignacego Matykiewicz w 20 r. \u015bm. Ignacego z int. najbli\u017cszych<\/td>\n<\/tr>\n<tr>\n<td width=\"9%\"><strong>P.p.<\/strong><\/td>\n<td width=\"90%\">+Mari\u0119 Bia\u0142o\u0144 z int. rodz. \u015aliw\u00f3w z Wieliczki<\/p>\n<p>+Mari\u0119 Bia\u0142o\u0144 z int. Marii i Franciszka \u015aliwa z Gliwic<\/td>\n<\/tr>\n<tr>\n<td colspan=\"2\" width=\"100%\"><strong>Niedziela \u2013 05.05.2024 r.<\/strong><\/td>\n<\/tr>\n<tr>\n<td width=\"9%\"><strong>7.00<\/strong><\/td>\n<td width=\"90%\">W int. Bogu wiadomej<\/td>\n<\/tr>\n<tr>\n<td width=\"9%\"><strong>9:00<\/strong><\/td>\n<td width=\"90%\">+Zygmunta Kotar\u0119 w 17 r. \u015bm., +\u017con\u0119 Wand\u0119 z int. nabli\u017cszych<\/td>\n<\/tr>\n<tr>\n<td width=\"9%\"><strong>11:00<\/strong><\/td>\n<td width=\"90%\">W int. Parafii<\/td>\n<\/tr>\n<tr>\n<td width=\"9%\"><strong>16:00<\/strong><\/td>\n<td width=\"90%\">+Tadeusza Trzupka w 16 r. \u015bm., +\u017con\u0119 Mari\u0119 z int. c\u00f3rki Lucyny z m\u0119\u017cem<\/td>\n<\/tr>\n<tr>\n<td width=\"9%\"><strong>P.p<\/strong><\/td>\n<td width=\"90%\">+Juliana Krausa z int. Marii i Andrzeja Bia\u0142o\u0144<\/p>\n<p>+Juliana Krausa z int. Bogdana i Anny Kaleta<\/td>\n<\/tr>\n<\/tbody>\n<\/table>\n<p><strong>1-30.04.2024 r. <u>+Helen\u0119 Morajko<\/u> (greg.) z int. pogrzeb.<\/strong><\/p>\n<p><strong>1-30.04.2024 r. +<u>Agat\u0119 Pazdur-Robak<\/u> (greg.) z int. pogrzeb.<\/strong><\/p>\n<p><strong>1-30.05.2024 r. +<u>J\u00f3zef\u0119 Puto<\/u> (greg.) z int. pogrzeb.<\/strong><\/p>\n","protected":false},"excerpt":{"rendered":"<p>Poniedzia\u0142ek \u2013 29.04.2024 r. 7.00 +Katarzyn\u0119, J\u00f3zefa i Mariana Bywalec +Marka K\u0105ckiego w 7 dz. po \u015bm. z int. najbli\u017cszej rodz. P.p. +Marka K\u0105ckiego z int. rodz. Kuczaj z Przenoszy +Marka K\u0105ckiego z int.&#46;&#46;&#46;<\/p>\n","protected":false},"author":1,"featured_media":276,"comment_status":"open","ping_status":"open","sticky":false,"template":"","format":"standard","meta":{"footnotes":""},"categories":[4,1],"tags":[],"_links":{"self":[{"href":"https:\/\/parafiaskrzydlna.pl\/index.php\/wp-json\/wp\/v2\/posts\/1866"}],"collection":[{"href":"https:\/\/parafiaskrzydlna.pl\/index.php\/wp-json\/wp\/v2\/posts"}],"about":[{"href":"https:\/\/parafiaskrzydlna.pl\/index.php\/wp-json\/wp\/v2\/types\/post"}],"author":[{"embeddable":true,"href":"https:\/\/parafiaskrzydlna.pl\/index.php\/wp-json\/wp\/v2\/users\/1"}],"replies":[{"embeddable":true,"href":"https:\/\/parafiaskrzydlna.pl\/index.php\/wp-json\/wp\/v2\/comments?post=1866"}],"version-history":[{"count":2,"href":"https:\/\/parafiaskrzydlna.pl\/index.php\/wp-json\/wp\/v2\/posts\/1866\/revisions"}],"predecessor-version":[{"id":1870,"href":"https:\/\/parafiaskrzydlna.pl\/index.php\/wp-json\/wp\/v2\/posts\/1866\/revisions\/1870"}],"wp:featuredmedia":[{"embeddable":true,"href":"https:\/\/parafiaskrzydlna.pl\/index.php\/wp-json\/wp\/v2\/media\/276"}],"wp:attachment":[{"href":"https:\/\/parafiaskrzydlna.pl\/index.php\/wp-json\/wp\/v2\/media?parent=1866"}],"wp:term":[{"taxonomy":"category","embeddable":true,"href":"https:\/\/parafiaskrzydlna.pl\/index.php\/wp-json\/wp\/v2\/categories?post=1866"},{"taxonomy":"post_tag","embeddable":true,"href":"https:\/\/parafiaskrzydlna.pl\/index.php\/wp-json\/wp\/v2\/tags?post=1866"}],"curies":[{"name":"wp","href":"https:\/\/api.w.org\/{rel}","templated":true}]}}